{"id":3706,"date":"2022-10-13T12:15:00","date_gmt":"2022-10-13T10:15:00","guid":{"rendered":"https:\/\/www.invest-con.com\/homepages\/investcon\/wasserski-lift-queen-bianca-schall-brillierte-mit-dreimal-gold-investconsponsoring-congratulation-%f0%9f%8f%85%f0%9f%92%aa\/"},"modified":"2022-10-13T12:15:00","modified_gmt":"2022-10-13T10:15:00","slug":"wasserski-lift-queen-bianca-schall-brillierte-mit-dreimal-gold-investconsponsoring-congratulation-%f0%9f%8f%85%f0%9f%92%aa","status":"publish","type":"post","link":"https:\/\/www.invest-con.com\/homepages\/investcon\/wasserski-lift-queen-bianca-schall-brillierte-mit-dreimal-gold-investconsponsoring-congratulation-%f0%9f%8f%85%f0%9f%92%aa\/","title":{"rendered":"Wasserski: Lift-Queen Bianca Schall brillierte mit dreimal Gold #InvestconSponsoring #Congratulation \ud83c\udfc5\ud83d\udcaa"},"content":{"rendered":"<p><span>[&#8230; Alle EM-Medaillisten holten Staatsmeister-Gold<\/span><\/p>\n<div class=\"x11i5rnm xat24cr x1mh8g0r x1vvkbs xtlvy1s x126k92a\">\n<div dir=\"auto\"><span>Alle EM-Helden nun auch vergoldet. Nach der mit sieben Medaillen erfolgreichsten Lift-EM dieses Jahrtausends in Weert (NL), k\u00e4mpften die \u00d6WWV-Asse in Asten (O\u00d6) um Staatsmeisterschafts-Titel. Dabei gewann Bianca Schall Gold im Slalom, im Trickbewerb und in der Kombination. Ihre Schwester Nadine Schall holte den Sprung-Titel. Bei den Herren gewann Thomas Paulmair nach EM-Platz vier den Slalom-Krimi gegen Vize-Europameister David Bodingbauer (alle Asten), der seinerseits in der Kombination und im Trickbewerb aufs oberste Podest kletterte. Den Sprungtitel holte Matthias K\u00f6ttl (WLU Fischlham O\u00d6).<\/span><\/div>\n<\/div>\n<div class=\"x11i5rnm xat24cr x1mh8g0r x1vvkbs xtlvy1s x126k92a\">\n<div dir=\"auto\"><span>Einmal mehr brillierte Lift-Queen Bianca Schall: Die 32-j\u00e4hrige Astenerin gewann nach zweimal EM-Gold bei den heimischen Titel-K\u00e4mpfen drei Disziplinen. Nur im Springen konnte, die um vier Jahre j\u00fcngere Schwester Nadine den Spie\u00df umdrehen und setzte sich mit 38,40 Metern durch.<\/span><\/div>\n<\/div>\n<div class=\"x11i5rnm xat24cr x1mh8g0r x1vvkbs xtlvy1s x126k92a\">\n<div dir=\"auto\"><span><\/p>\n<div class=\"separator\"><a href=\"https:\/\/blogger.googleusercontent.com\/img\/b\/R29vZ2xl\/AVvXsEjCB4ZSkwLhnhbszj9KnAZZhme9TJcfm6r96z22oQ_IiohEesESCdqWhC1l_6R2HNdFGOFKbrcuGR59_plRYbeywBPAln4gqK_YcoZFxpYZ2TqmOaojQIiIZvvCpk-7681k7UzP38MECiAj-r-RwxS6Gm3gy-QnBMGdN6IdOlbKrt74h8Ebe3h3ZVOK_Q\/s1633\/310700152_460951989392265_1758526205324000338_n.jpg\" imageanchor=\"1\"><img decoding=\"async\" loading=\"lazy\" border=\"0\" data-original-height=\"1009\" data-original-width=\"1633\" height=\"341\" src=\"https:\/\/blogger.googleusercontent.com\/img\/b\/R29vZ2xl\/AVvXsEjCB4ZSkwLhnhbszj9KnAZZhme9TJcfm6r96z22oQ_IiohEesESCdqWhC1l_6R2HNdFGOFKbrcuGR59_plRYbeywBPAln4gqK_YcoZFxpYZ2TqmOaojQIiIZvvCpk-7681k7UzP38MECiAj-r-RwxS6Gm3gy-QnBMGdN6IdOlbKrt74h8Ebe3h3ZVOK_Q\/w553-h341\/310700152_460951989392265_1758526205324000338_n.jpg\" width=\"553\"><\/a><\/div>\n<p>Einen wahren Slalom-Krimi gab es bei den Herren: Thomas Paulmair, der in Weert (NL) als Vierter am EM-Podest vorbeigeschrammt war, setzte sich nach zweimaligem Stechen mit einer halben Boje Vorsprung gegen Vize-Europameister David Bodingbauer durch. Letzterer vergoldete sich im Trickbewerb und in der Kombination, w\u00e4hrend der Geh\u00f6rlose Matthias K\u00f6ttl (WLU Fischlham\/O\u00d6) mit 49,10 Metern allen auf und davon flog. <\/span><\/div>\n<\/div>\n<div class=\"x11i5rnm xat24cr x1mh8g0r x1vvkbs xtlvy1s x126k92a\">\n<div dir=\"auto\"><span>Somit durften beim k\u00fchlen Saisonabschluss alle Athleten, die auch Mannschafts-EM-Bronze gewonnen hatten, \u00fcber zumindest eine Goldene jubeln. Bei den Landesmeisterschaften gab es dieselben Gewinner.<\/span><\/div>\n<\/div>\n<div class=\"x11i5rnm xat24cr x1mh8g0r x1vvkbs xtlvy1s x126k92a\">\n<div dir=\"auto\"><span>Lift-Staatsmeister wurden in Asten\/O\u00d6:<\/span><\/div>\n<div dir=\"auto\"><span>Bianca Schall (Ausee Asten\/O\u00d6) im Trickbewerb, Slalom und Kombination<\/span><\/div>\n<div dir=\"auto\"><span>Nadine Schall (Ausee Asten\/O\u00d6) im Springen<\/span><\/div>\n<div dir=\"auto\"><span>David Bodingbauer (Ausee Asten\/O\u00d6) im Trickbewerb und Kombination<\/span><\/div>\n<div dir=\"auto\"><span>Thomas Paulmair (Ausee Asten\/O\u00d6) im Slalom<\/span><\/div>\n<div dir=\"auto\"><span>Das gesamte Invest-con Group-Team gratuliert den TeilnehmerInnen sehr herzlich. Wir sind&nbsp; schon auf die n\u00e4chsten Saison-Ergebnisse gespannt und freuen uns solche Talente f\u00f6rdern zu d\u00fcrfen.<\/span><\/div>\n<div dir=\"auto\">\n<div class=\"separator\"><a href=\"https:\/\/blogger.googleusercontent.com\/img\/b\/R29vZ2xl\/AVvXsEh1Cj7PeD5Xr-lzrjEy9f6KaTA_D66rZZl6Qjk1P5MuUgCRzmrmKVg5SerJtT3eDSnpZsYviw_hraMAuEBcomuGdkehe7PO0EVXZTu9oZIjXj7tkrGEBjhuTGVH0GCIU4L85HH2mKaHBWovbk75noCMhcNftt57vHlzNn55zSEFeyst4ojxt7zYP4_cQw\/s1401\/310383549_460953492725448_2573518724528033492_n.jpg\" imageanchor=\"1\"><img decoding=\"async\" loading=\"lazy\" border=\"0\" data-original-height=\"934\" data-original-width=\"1401\" height=\"213\" src=\"https:\/\/blogger.googleusercontent.com\/img\/b\/R29vZ2xl\/AVvXsEh1Cj7PeD5Xr-lzrjEy9f6KaTA_D66rZZl6Qjk1P5MuUgCRzmrmKVg5SerJtT3eDSnpZsYviw_hraMAuEBcomuGdkehe7PO0EVXZTu9oZIjXj7tkrGEBjhuTGVH0GCIU4L85HH2mKaHBWovbk75noCMhcNftt57vHlzNn55zSEFeyst4ojxt7zYP4_cQw\/s320\/310383549_460953492725448_2573518724528033492_n.jpg\" width=\"320\"><\/a><\/div>\n<p><span><br \/><\/span><\/div>\n<div dir=\"auto\">\n<div>\n<p class=\"MsoNormal\"><span><i><span>Die&nbsp;Analyse dient nicht als konkrete Handelsempfehlung. Eine Haftung f\u00fcr Verm\u00f6genssch\u00e4den ist ausgeschlossen. Konsultieren Sie vor Anlageentscheidungen Ihren&nbsp;<a href=\"https:\/\/www.blogger.com\/blog\/post\/edit\/3398834070284540073\/8867068254612828208?hl=de\">INVEST-CON Berater.<\/a><\/span><\/i><span><o:p><\/o:p><\/span><\/span><\/p>\n<p class=\"MsoNormal\"><span><span><o:p>&nbsp;<\/o:p><\/span><span>&nbsp;<\/span><\/span><\/p>\n<p class=\"MsoNormal\"><span><span>Disclaimer: Die angef\u00fchrten Informationen dienen lediglich der unverbindlichen Information, stellen kein Angebot zum Kauf oder Verkauf der genannten Finanzinstrumente dar und d\u00fcrfen auch nicht so ausgelegt werden. Die Informationen dienen nicht als Entscheidungshilfe f\u00fcr rechtliche, steuerliche oder andere Beratungsfragen. Jeder, der diese Daten zu diesen Zwecken nutzt, \u00fcbernimmt hierf\u00fcr die volle Verantwortung. Wir weisen ausdr\u00fccklich darauf hin, dass Investitionen in die beschriebenen Finanzinstrumente mit Risiken verbunden und nicht f\u00fcr jeden Anleger geeignet sind. Soweit Informationen zu einer bestimmten steuerlichen Behandlung gegeben werden, weisen wir darauf hin, dass die steuerliche Behandlung von den pers\u00f6nlichen Verh\u00e4ltnissen des Anlegers abh\u00e4ngt und k\u00fcnftig \u00c4nderungen unterworfen sein kann. Die&nbsp;INVEST-CON Group Beteiligungs GmbH&nbsp;und ihre verbundenen Unternehmen&nbsp; geben ausschlie\u00dflich ihre Meinung\/en wieder und \u00fcbernehmen keine Garantie f\u00fcr die Korrektheit, Zuverl\u00e4ssigkeit, Aktualit\u00e4t oder Vollst\u00e4ndigkeit der genannten Informationen. Es besteht keine Verpflichtung zur Richtigstellung etwaiger unzutreffender, unvollst\u00e4ndiger oder \u00fcberholter Angaben. Weitere Informationen zum Unternehmen finden Sie unter:&nbsp;<a href=\"https:\/\/www.blogger.com\/blog\/post\/edit\/3398834070284540073\/8867068254612828208?hl=de\">group.invest-con.at<\/a><\/span><\/span><\/p>\n<\/div>\n<\/div>\n<\/div>\n","protected":false},"excerpt":{"rendered":"<p>[&#8230; Alle EM-Medaillisten holten Staatsmeister-Gold Alle EM-Helden nun auch vergoldet. Nach der mit sieben Medaillen erfolgreichsten Lift-EM dieses Jahrtausends in &hellip; <\/p>\n","protected":false},"author":1,"featured_media":3707,"comment_status":"closed","ping_status":"closed","sticky":false,"template":"","format":"standard","meta":{"footnotes":""},"categories":[1],"tags":[],"_links":{"self":[{"href":"https:\/\/www.invest-con.com\/homepages\/investcon\/wp-json\/wp\/v2\/posts\/3706"}],"collection":[{"href":"https:\/\/www.invest-con.com\/homepages\/investcon\/wp-json\/wp\/v2\/posts"}],"about":[{"href":"https:\/\/www.invest-con.com\/homepages\/investcon\/wp-json\/wp\/v2\/types\/post"}],"author":[{"embeddable":true,"href":"https:\/\/www.invest-con.com\/homepages\/investcon\/wp-json\/wp\/v2\/users\/1"}],"replies":[{"embeddable":true,"href":"https:\/\/www.invest-con.com\/homepages\/investcon\/wp-json\/wp\/v2\/comments?post=3706"}],"version-history":[{"count":0,"href":"https:\/\/www.invest-con.com\/homepages\/investcon\/wp-json\/wp\/v2\/posts\/3706\/revisions"}],"wp:featuredmedia":[{"embeddable":true,"href":"https:\/\/www.invest-con.com\/homepages\/investcon\/wp-json\/wp\/v2\/media\/3707"}],"wp:attachment":[{"href":"https:\/\/www.invest-con.com\/homepages\/investcon\/wp-json\/wp\/v2\/media?parent=3706"}],"wp:term":[{"taxonomy":"category","embeddable":true,"href":"https:\/\/www.invest-con.com\/homepages\/investcon\/wp-json\/wp\/v2\/categories?post=3706"},{"taxonomy":"post_tag","embeddable":true,"href":"https:\/\/www.invest-con.com\/homepages\/investcon\/wp-json\/wp\/v2\/tags?post=3706"}],"curies":[{"name":"wp","href":"https:\/\/api.w.org\/{rel}","templated":true}]}}