{"id":3533,"date":"2022-02-09T12:20:00","date_gmt":"2022-02-09T11:20:00","guid":{"rendered":"https:\/\/www.invest-con.com\/homepages\/investcon\/der-aufstand-der-gruenen-kapitalisten-investconaktuelles-greendeal-investconethik-esg\/"},"modified":"2022-02-09T12:20:00","modified_gmt":"2022-02-09T11:20:00","slug":"der-aufstand-der-gruenen-kapitalisten-investconaktuelles-greendeal-investconethik-esg","status":"publish","type":"post","link":"https:\/\/www.invest-con.com\/homepages\/investcon\/der-aufstand-der-gruenen-kapitalisten-investconaktuelles-greendeal-investconethik-esg\/","title":{"rendered":"Der Aufstand der gr\u00fcnen Kapitalisten #InvestconAktuelles #Greendeal #InvestconEthik #ESG"},"content":{"rendered":"<div><span>[&#8230; \u201eDie schwedische Klimaaktivistin Greta Thunberg ist nicht zufrieden. 30 Jahre lang habe es von der Politik im Klimaschutz nur \u201ebla bla bla\u201c gegeben, sagte sie beim Auftakt des Jugend-Klimagipfels in Mailand. 500 Kilometer weiter n\u00f6rdlich fand die 18-J\u00e4hrige einen unerwarteten Verb\u00fcndeten: Der deutsche VW-Chef Herbert Diess mahnte von der k\u00fcnftigen deutschen Bundesregierung ehrgeizigere Energie- und Klimaziele ein. Der CO2-Preis solle 2024 bereits bei 65 statt bisher geplanten 45 Euro je Tonne liegen. Der Chef von Europas gr\u00f6\u00dftem Autoproduzenten ist in bester Gesellschaft: In Amerika erfinden sich die Tech-Giganten als gr\u00fcne Weltretter neu. Und auch in \u00d6sterreich hat sich rund um den fr\u00fcheren Verbund-General Wolfgang Anzengruber eine Runde an Konzernchefs zusammengetan, die laut nach hohen CO2-Preisen rufen. Nicht um Wohlstand zu vernichten, sondern um der Wirtschaft eine Zukunft zu erm\u00f6glichen.<\/span><\/div>\n<div><span>Die Vers\u00f6hnung der vermeintlichen Gegenspieler Unternehmen und Umwelt klingt abenteuerlich, ist es aber nicht. Die Konzernchefs fordern lediglich, dass die Politik nachzieht, wo Industrie und Finanzwelt bereits viel vorweggenommen haben.<\/span><\/div>\n<div><span><span>Der Markt f\u00fcr nachhaltige Investments boomt seit Jahren. Anfangs als Spielerei f\u00fcr Liebhaber bel\u00e4chelt, sind gr\u00fcne Fonds und Anleihen mittlerweile Mainstream \u2013 und veranschaulichen die Macht des Geldes. Sp\u00e4testens seit Larry Fink, Gr\u00fcnder und Chef des weltgr\u00f6\u00dften Verm\u00f6gensverwalters Blackrock, \u201eKlimarisken als Investmentrisken\u201c gebrandmarkt hat und das Kapital seiner Kunden zu nachhaltigen Unternehmen umgeschichtet hat, verabschiedet sich auch der Rest der Finanzwirtschaft von Investments in fossile Energie. Es ist nicht die Ideologie, die die Manager treibt: Versicherungen sto\u00dfen Gesch\u00e4ft mit Kohle und \u00d6l auch deshalb ab, weil sie einen Wertverfall f\u00fcrchten\u201c &#8230;] <\/span><span>Quelle:&nbsp;<\/span><\/span><span><a href=\"http:\/\/diepresse.com\">diepresse.com<\/a><\/span><\/div>\n<div>\n<table align=\"center\" cellpadding=\"0\" cellspacing=\"0\" class=\"tr-caption-container\">\n<tbody>\n<tr>\n<td><a href=\"https:\/\/blogger.googleusercontent.com\/img\/b\/R29vZ2xl\/AVvXsEh9kddakBrnRtlHWcM1puSQ6_LDJZlxAsXGLtiHC00DIC4FjuSbP3P5GFHoMl41f64ob7DDiJYrNzvxodZn0p-njkVaGBs0KuuRaYFwUZ5_5zS6pfrOHRXqNaDUQxdRB1zzu4XyHOvdbDp3kd90plz042UEUEK1sWgzi-_j8XK9Lq4KkKOvA68MPTfSWw\/s1280\/environmental-protection-g6230850e3_1280.jpg\" imageanchor=\"1\"><span><img decoding=\"async\" loading=\"lazy\" border=\"0\" data-original-height=\"868\" data-original-width=\"1280\" height=\"389\" src=\"https:\/\/blogger.googleusercontent.com\/img\/b\/R29vZ2xl\/AVvXsEh9kddakBrnRtlHWcM1puSQ6_LDJZlxAsXGLtiHC00DIC4FjuSbP3P5GFHoMl41f64ob7DDiJYrNzvxodZn0p-njkVaGBs0KuuRaYFwUZ5_5zS6pfrOHRXqNaDUQxdRB1zzu4XyHOvdbDp3kd90plz042UEUEK1sWgzi-_j8XK9Lq4KkKOvA68MPTfSWw\/w572-h389\/environmental-protection-g6230850e3_1280.jpg\" width=\"572\"><\/span><\/a><\/td>\n<\/tr>\n<tr>\n<td class=\"tr-caption\"><span>Quelle: Bild von Comfreak auf Pixabay<br \/><\/span><\/td>\n<\/tr>\n<\/tbody>\n<\/table>\n<\/div>\n<div>\n<div><span><span><span>I<\/span><\/span><span>nvestcon Group Beteiligung GmbH Expertentipp:<\/span><\/span><\/div>\n<\/div>\n<div><span><span>Anf\u00e4nglich hielten viele die Entwicklungen im&nbsp;<\/span><span>\u00f6kologischen Bereich,&nbsp;<\/span><span>in der Finanzbranche, lediglich f\u00fcr eine kurzfristige Marketingstrategie.<\/span><\/span><\/div>\n<div><span><span>Seit dem European Green Deal im Jahr 2019 und der Vorgabe, ab dem Jahr 2022 jede\/n Europ\u00e4er\/in wenn er\/sie investieren m\u00f6chte, verpflichtend \u00fcber Gr\u00fcne Anlagem\u00f6glichkeiten zu informieren, ist klar dass eine&nbsp;<\/span><span>langfristige Ver\u00e4nderung auf uns zukommt.<\/span><\/span><\/div>\n<div><span>Nach wie vor gelangen Ihre Gelder die bei klassischen Einlagen wie beim Konto und Sparbuch oft bei \u00d6l- und Gaskonzernen oder anderen umweltverschmutzenden Unternehmen. Bspw. bei Flug-, Schifffahrt,- oder Waffenunternehmen.<\/span><\/div>\n<div><span>Doch investieren Sie&nbsp;in sogenannte <a href=\"https:\/\/www.google.com\/search?q=ESG&amp;rlz=1C1GCEA_enAT863AT863&amp;sxsrf=APq-WBtASiqFohEVs_0cNdcjljz3FhFh4g%3A1644229807230&amp;ei=r_QAYu-fDcjg7_UPx-u56Ag&amp;ved=0ahUKEwivs9qsse31AhVI8LsIHcd1Do0Q4dUDCA4&amp;uact=5&amp;oq=ESG&amp;gs_lcp=Cgdnd3Mtd2l6EAMyBAgjECcyBAgAEEMyBAgAEEMyBAgAEEMyBAgAEEMyBAgAEEMyBAgAEEMyCAgAEIAEELEDMgQIABBDMgQIABBDOgcIABBHELADOgcIABCwAxBDOgUIABCABDoFCAAQywE6BwgjEOoCECc6DgguEIAEELEDEMcBEKMCSgQIQRgASgQIRhgAULczWJRFYL5HaANwAngFgAGGAYgBtxeSAQUxNi4xNJgBAKABAbABCsgBCsABAQ&amp;sclient=gws-wiz\">ESG-Fonds<\/a>&nbsp;haben Sie abgesehen von dem Vorteil einen Beitrag zum Schutz unserer Umwelt zu leisten, die M\u00f6glichkeit, wie schon viele unserer KlientInnen von beeindruckenden Renditen profitieren zu k\u00f6nnen.&nbsp;<\/span><\/div>\n<div>\n<p class=\"MsoNormal\"><span><span lang=\"DE-AT\">Wir weisen bereits seit mehreren<br \/>\nJahren auf diese zukunftstr\u00e4chtige Investitionsm\u00f6glichkeit hin und sind der<br \/>\nMeinung, dass der anf\u00e4ngliche Trend&nbsp; wesentlich zum Umweltschutz, Tierschutz<br \/>\nsowie die dramatischen Bedingungen in der Dritten Welt zu verbessern bald kein<br \/>\nTrend sondern Alltag wird.<\/span><span lang=\"DE-AT\"><o:p><\/o:p><\/span><\/span><\/p>\n<\/div>\n<div dir=\"ltr\">\n<pre><span><br><\/span><\/pre>\n<pre><span><br><\/span><\/pre>\n<pre><span><br><\/span><\/pre>\n<pre><p class=\"MsoNormal\"><span><i><span>Die&nbsp;Analyse dient nicht als konkrete Handelsempfehlung. Eine Haftung f\u00fcr Verm\u00f6genssch\u00e4den ist ausgeschlossen. Konsultieren Sie vor Anlageentscheidungen Ihren&nbsp;<a href=\"http:\/\/www.invest-con.com\/homepages\/investcon\/kontakt\/\">INVEST-CON Berater.<\/a><\/span><\/i>&nbsp;<\/span><\/p><o:p><span><p class=\"MsoNormal\"><span face=\"&quot;Calibri&quot;,sans-serif\">&nbsp;<\/span><\/p><p class=\"MsoNormal\"><span><span>Disclaimer: Die angef\u00fchrten Informationen dienen lediglich der unverbindlichen Information, stellen kein Angebot zum Kauf oder Verkauf der genannten Finanzinstrumente dar und d\u00fcrfen auch nicht so ausgelegt werden. Die Informationen dienen nicht als Entscheidungshilfe f\u00fcr rechtliche, steuerliche oder andere Beratungsfragen. Jeder, der diese Daten zu diesen Zwecken nutzt, \u00fcbernimmt hierf\u00fcr die volle Verantwortung. Wir weisen ausdr\u00fccklich darauf hin, dass Investitionen in die beschriebenen Finanzinstrumente mit Risiken verbunden und nicht f\u00fcr jeden Anleger geeignet sind. Soweit Informationen zu einer bestimmten steuerlichen Behandlung gegeben werden, weisen wir darauf hin, dass die steuerliche Behandlung von den pers\u00f6nlichen Verh\u00e4ltnissen des Anlegers abh\u00e4ngt und k\u00fcnftig \u00c4nderungen unterworfen sein kann. Die&nbsp;INVEST-CON Group Beteiligungs GmbH&nbsp;und ihre verbundenen Unternehmen&nbsp; geben ausschlie\u00dflich ihre Meinung\/en wieder und \u00fcbernehmen keine Garantie f\u00fcr die Korrektheit, Zuverl\u00e4ssigkeit, Aktualit\u00e4t oder Vollst\u00e4ndigkeit der genannten Informationen. Es besteht keine Verpflichtung zur Richtigstellung etwaiger unzutreffender, unvollst\u00e4ndiger oder \u00fcberholter Angaben. Weitere Informationen zum Unternehmen finden Sie unter:&nbsp;<a href=\"http:\/\/group.invest-con.at\/\">group.invest-con.at<\/a><\/span><\/span><\/p><\/span><\/o:p><\/pre>\n<\/div>\n","protected":false},"excerpt":{"rendered":"<p>[&#8230; \u201eDie schwedische Klimaaktivistin Greta Thunberg ist nicht zufrieden. 30 Jahre lang habe es von der Politik im Klimaschutz nur &hellip; <\/p>\n","protected":false},"author":1,"featured_media":3534,"comment_status":"closed","ping_status":"closed","sticky":false,"template":"","format":"standard","meta":{"footnotes":""},"categories":[1],"tags":[],"_links":{"self":[{"href":"https:\/\/www.invest-con.com\/homepages\/investcon\/wp-json\/wp\/v2\/posts\/3533"}],"collection":[{"href":"https:\/\/www.invest-con.com\/homepages\/investcon\/wp-json\/wp\/v2\/posts"}],"about":[{"href":"https:\/\/www.invest-con.com\/homepages\/investcon\/wp-json\/wp\/v2\/types\/post"}],"author":[{"embeddable":true,"href":"https:\/\/www.invest-con.com\/homepages\/investcon\/wp-json\/wp\/v2\/users\/1"}],"replies":[{"embeddable":true,"href":"https:\/\/www.invest-con.com\/homepages\/investcon\/wp-json\/wp\/v2\/comments?post=3533"}],"version-history":[{"count":0,"href":"https:\/\/www.invest-con.com\/homepages\/investcon\/wp-json\/wp\/v2\/posts\/3533\/revisions"}],"wp:featuredmedia":[{"embeddable":true,"href":"https:\/\/www.invest-con.com\/homepages\/investcon\/wp-json\/wp\/v2\/media\/3534"}],"wp:attachment":[{"href":"https:\/\/www.invest-con.com\/homepages\/investcon\/wp-json\/wp\/v2\/media?parent=3533"}],"wp:term":[{"taxonomy":"category","embeddable":true,"href":"https:\/\/www.invest-con.com\/homepages\/investcon\/wp-json\/wp\/v2\/categories?post=3533"},{"taxonomy":"post_tag","embeddable":true,"href":"https:\/\/www.invest-con.com\/homepages\/investcon\/wp-json\/wp\/v2\/tags?post=3533"}],"curies":[{"name":"wp","href":"https:\/\/api.w.org\/{rel}","templated":true}]}}