{"id":3532,"date":"2022-02-05T09:00:00","date_gmt":"2022-02-05T08:00:00","guid":{"rendered":"https:\/\/www.invest-con.com\/homepages\/investcon\/investcon-group-rueckblick-ins-jahr-2021-review-2021-tbt\/"},"modified":"2022-02-05T09:00:00","modified_gmt":"2022-02-05T08:00:00","slug":"investcon-group-rueckblick-ins-jahr-2021-review-2021-tbt","status":"publish","type":"post","link":"https:\/\/www.invest-con.com\/homepages\/investcon\/investcon-group-rueckblick-ins-jahr-2021-review-2021-tbt\/","title":{"rendered":"Investcon Group | R\u00fcckblick ins Jahr 2021 #review #2021 #tbt"},"content":{"rendered":"<p>&nbsp;<span>Mittwoch, 3. Februar 2021<\/span><\/p>\n<div class=\"date-posts\">\n<div class=\"post-outer\">\n<div class=\"post hentry\" itemprop=\"blogPost\" itemscope=\"itemscope\" itemtype=\"http:\/\/schema.org\/BlogPosting\"><span><span><\/span><\/span><\/p>\n<h3 class=\"post-title entry-title\" itemprop=\"name\"><span><a href=\"https:\/\/investcon.blogspot.com\/2021\/02\/investcon-charity-award-20202021.html\"><span>Investcon Charity Award 2020\/2021<\/span><\/a><\/span><\/h3>\n<div class=\"post-body entry-content\" id=\"post-body-410521760060081493\" itemprop=\"articleBody\">\n<table align=\"center\" cellpadding=\"0\" cellspacing=\"0\" class=\"tr-caption-container\">\n<tbody>\n<tr>\n<td><span><img decoding=\"async\" loading=\"lazy\" border=\"0\" data-original-height=\"1512\" data-original-width=\"2016\" height=\"300\" src=\"https:\/\/1.bp.blogspot.com\/-XbO32ir59h4\/Xv343ZSVgDI\/AAAAAAAAA4Y\/Ym70vQaWzTk1NOnglGValwuGPWlry6ajwCK4BGAsYHg\/w400-h300\/IMG_0550.JPG\" width=\"400\"><\/span><\/td>\n<\/tr>\n<tr>\n<td class=\"tr-caption\"><span><span>Foto: Investcon: Sch\u00fcler der ASO Purkersdorf nach der symbolischen \u00dcbergabe der Spende von Investcon<\/span><\/span><\/td>\n<\/tr>\n<\/tbody>\n<\/table>\n<div dir=\"ltr\"><span><span>Nachdem wir 2018\/19 eine kleine Familie mit einem leider schwer kranken Kind unterst\u00fctzen durften, kam dieses mal unser unabh\u00e4ngiges Prominenten-Komitee, bestehend aus Herrn G\u00fcnter Lainer bekannt aus der ORF-Show &#8222;Was gibt es neues&#8220; und als Kabarettist&nbsp;<\/span><span>als&nbsp;<\/span><span><a href=\"https:\/\/www.guentherlainer.at\/comedyjonglage-gausl\/\">GausL<\/a>&nbsp;und Wirtschaftspr\u00fcfer Herr Maximilian Habsburg Lothringen, BA, Partner von der&nbsp;<a href=\"https:\/\/www.nwt.at\/content\/start\/index.html\">Kanzlei Nwt<\/a>, Das Prominentenkomitee kam (so kurz vor dem Lockdown leider noch nicht ganz vollst\u00e4ndig), am 15. M\u00e4rz zusammen, um dieses mal in einer au\u00dfergew\u00f6hnlichen Krise und Zeit eine besondere Entscheidung zu treffen!&nbsp;<\/span><\/span><\/div>\n<div dir=\"ltr\">\n<div><span><span>Dieses mal wurde entschieden die Unterst\u00fctzung nicht einer Privatperson zukommen zu lassen, sondern das Geld kommt gleich mehreren Kindern zu Gute. Denn in der Allgemeinen Sonderschule Purkersdorf&nbsp;(ASO),&nbsp;<\/span><span>sind 40 Kinder betroffen, die gro\u00dfteils auf Hilfe und Unterst\u00fctzung angewiesen sind. Zudem litten in dieser au\u00dfergew\u00f6hnlichen Zeit die Lehrer und Kinder sowie Eltern unter den<\/span><span>&nbsp;Quarant\u00e4nema\u00dfnahmen und stellte alle unter&nbsp;<\/span><span><\/span><span>\u00e4u\u00dferste Herausforderungen! Im Alltag konnten wir Ihnen leider nicht zu Seite stehen aber zumindest jetzt nach dem Lockdown k\u00f6nnen wir dem \u00e4u\u00dferst engagierten Direktor der ASO, Herrn Hesse, ein wenig finanziell unter die Arme greifen.<\/span><\/span><\/div>\n<div><span><span><\/span><\/span><\/p>\n<table cellpadding=\"0\" cellspacing=\"0\" class=\"tr-caption-container\">\n<tbody>\n<tr>\n<td><span><img decoding=\"async\" loading=\"lazy\" border=\"0\" data-original-height=\"1512\" data-original-width=\"2016\" height=\"208\" src=\"https:\/\/1.bp.blogspot.com\/-Un0SyRDcEPw\/Xv34w3XBQHI\/AAAAAAAAA4E\/9iB23hcu8D0LtDR4rouPGJ4ukJeMJVVEwCK4BGAsYHg\/w269-h208\/IMG_0055.JPG\" width=\"269\"><\/span><\/td>\n<\/tr>\n<tr>\n<td class=\"tr-caption\"><span><span><span>Foto: Investcon (von li. nach re.) Herr<\/span><span>&nbsp;<\/span><span>Maximilian Habsburg Lothringen, BA, Partner von der<\/span><span>&nbsp;<\/span><a href=\"https:\/\/www.nwt.at\/content\/start\/index.html\">Kanzlei Nwt<\/a><span>&nbsp;und Herr<\/span><span>&nbsp;G\u00fcnter Lainer bekannt aus der ORF-Show &#8222;Was gibt es neues&#8220; und bekannt als Kabarettist<\/span><span>&nbsp;<\/span><\/span><span><span><a href=\"https:\/\/www.guentherlainer.at\/comedyjonglage-gausl\/\">GausL<\/a>&nbsp;<br \/><\/span><\/span><\/span><\/td>\n<\/tr>\n<\/tbody>\n<\/table>\n<\/div>\n<p><span><\/p>\n<table cellpadding=\"0\" cellspacing=\"0\" class=\"tr-caption-container\">\n<tbody>\n<tr>\n<td><a href=\"https:\/\/1.bp.blogspot.com\/-q3Q7TIlCd6M\/Xv343tZ_3ZI\/AAAAAAAAA4c\/i5JCJ59dpKw5OY-BtGKhyHww6IzPqvmkQCK4BGAsYHg\/s2016\/IMG_3719.JPG\"><img decoding=\"async\" loading=\"lazy\" border=\"0\" data-original-height=\"1512\" data-original-width=\"2016\" height=\"252\" src=\"https:\/\/1.bp.blogspot.com\/-q3Q7TIlCd6M\/Xv343tZ_3ZI\/AAAAAAAAA4c\/i5JCJ59dpKw5OY-BtGKhyHww6IzPqvmkQCK4BGAsYHg\/w331-h252\/IMG_3719.JPG\" width=\"331\"><\/a><\/td>\n<\/tr>\n<tr>\n<td class=\"tr-caption\"><span>Foto: Investcon: (von li. nach re.) Herr Ing. Stefan Steinbichler &#8211; B\u00fcrgermeister Purkersdorf, Herr Johann Novomestsky &#8211; B\u00fcrgermeister Tullnerbach, Herr Sen. C. Orman<\/span><\/td>\n<\/tr>\n<\/tbody>\n<\/table>\n<p><\/span><span><\/p>\n<div class=\"separator\">\n<table cellpadding=\"0\" cellspacing=\"0\" class=\"tr-caption-container\">\n<tbody>\n<tr>\n<td><a href=\"https:\/\/1.bp.blogspot.com\/-oF85OJoasYs\/Xv7Y3W0qalI\/AAAAAAAAA5Q\/6XSDv0JTG7cSt_CKCK9Ter-vj0qI-G7bQCK4BGAsYHg\/s2016\/IMG_0539.JPG\"><img decoding=\"async\" loading=\"lazy\" border=\"0\" data-original-height=\"1512\" data-original-width=\"2016\" height=\"231\" src=\"https:\/\/1.bp.blogspot.com\/-oF85OJoasYs\/Xv7Y3W0qalI\/AAAAAAAAA5Q\/6XSDv0JTG7cSt_CKCK9Ter-vj0qI-G7bQCK4BGAsYHg\/w304-h231\/IMG_0539.JPG\" width=\"304\"><\/a><\/td>\n<\/tr>\n<tr>\n<td class=\"tr-caption\"><span>Foto: Investcon (von li. nach re.)&nbsp;Herr Matthias Hesse &#8211; Direktor der Allgemeinen Sonderschule Purkersdorf, Herr Sen. C. Orman, Herr Ing. Stefan Steinbichler- B\u00fcrgermeister Purkersdorf)<\/span><\/td>\n<\/tr>\n<\/tbody>\n<\/table>\n<\/div>\n<p><\/span><span><\/p>\n<div><span>Wir bedanken uns besonders f\u00fcr diese Wertsch\u00e4tzung durch ihre Anwesenheit und w\u00fcnschen den Kindern und den Lehrer\/Innen dieser Schule besonders viel Kraft und Gesundheit f\u00fcr die schweren, bevorstehenden Zeiten. Ein besonders gro\u00dfes Dankesch\u00f6n geht nat\u00fcrlich an unsere KlientInnen und Gesch\u00e4ftspartnerInnen, die uns in dieser schweren Zeit Treue gehalten haben. Denn ohne sie h\u00e4tten wir das alles \u00fcberhaupt nicht erm\u00f6glichen k\u00f6nnen!<\/span><\/div>\n<div>\n<div class=\"post-body entry-content\" id=\"post-body-7440358022454396160\" itemprop=\"articleBody\">\n<div>\n<h2 class=\"date-header\"><span><span>Mittwoch, 17. M\u00e4rz 2021<\/span><\/span><\/h2>\n<div class=\"date-posts\">\n<div class=\"post-outer\">\n<div class=\"post hentry\" itemprop=\"blogPost\" itemscope=\"itemscope\" itemtype=\"http:\/\/schema.org\/BlogPosting\"><span><\/span><\/p>\n<h3 class=\"post-title entry-title\" itemprop=\"name\"><span><a href=\"https:\/\/investcon.blogspot.com\/2021\/03\/5-fakten-die-helfen-besser-zu-schlafen.html\">5 Fakten, die helfen, besser zu schlafen, wenn die B\u00f6rse das n\u00e4chste Mal abst\u00fcrzt #B\u00f6rsen 2021 #investconfonds #Aktienblase #InvestconAktuelles:<\/a><\/span><\/h3>\n<div class=\"post-body entry-content\" id=\"post-body-309437931130578552\" itemprop=\"articleBody\">\n<div>\n<div><span><b><span>INVEST-CON Group Beteiligungs GmbH&nbsp;Expertentipp:&nbsp;<\/span><\/b><\/span><\/div>\n<\/div>\n<div><span><span>Jahrelang interessiert sich niemand&nbsp;f\u00fcr B\u00f6rsenkurse, dann kommt ein Boom und alle glauben den richtigen Kauf- und Verkaufszeitpunkt optimal erwischen zu k\u00f6nnen!&nbsp;<\/span><\/span><\/div>\n<div><span><span>In der Regel verlieren dann viele Menschen viel Geld, denn viele verlieren aufgrund der Gier, komplett den Bezug zur Realit\u00e4t &#8211; wie man beispielsweise gerade wunderbar an der Tesla-Bewertung oder am Bitcoin-Kurs erkennen kann.<\/span><\/span><\/div>\n<div><span><span>Auch Gold hatte gerade sein All-Time-High erreicht. Es geht aber darum permanent investiert zu sein. So kann man in der Krise&nbsp;g\u00fcnstig kaufen und im Aufschwung sch\u00f6ne Gewinne realisieren. Die meisten privaten Investoren machen das aber genau umgekehrt!<\/span><\/span><\/div>\n<div><span><span>Daher&nbsp;<a href=\"https:\/\/www.invest-con.com\/homepages\/investcon\/kontakt\/\">fragen auch Sie unbedingt unsere Spezialistinnen und Spezialisten<\/a>, die f\u00fcr Sie inzwischen beinahe in ganz \u00d6sterreich da sind, wie auch Sie eine Strategie festlegen k\u00f6nnen, in der Sie Gro\u00dfteils&nbsp;durch eine gute Asset-Allocation, sowohl bei fallenden, als auch bei steigenden&nbsp;<\/span><span>Aktienm\u00e4rkten,<\/span><span>&nbsp;auf der Gewinnerseite sein k\u00f6nnen.<\/span><\/span><\/div>\n<div>\n<h2 class=\"date-header\"><span><span>Samstag, 3. April 2021<\/span><\/span><\/h2>\n<div class=\"date-posts\">\n<div class=\"post-outer\">\n<div class=\"post hentry\" itemprop=\"blogPost\" itemscope=\"itemscope\" itemtype=\"http:\/\/schema.org\/BlogPosting\"><span><\/span><\/p>\n<div class=\"post-body entry-content\" id=\"post-body-2009389067502824945\" itemprop=\"description articleBody\">\n<p><span>&nbsp;<br \/><\/span><\/p>\n<p><span><br \/><\/span><\/p>\n<p><span><span>Ihr Investcon-Team!<\/span><\/span><\/p>\n<h2 class=\"date-header\"><span><span>Donnerstag, 10. Juni 2021<\/span><\/span><\/h2>\n<div class=\"date-posts\">\n<div class=\"post-outer\">\n<div class=\"post hentry\" itemprop=\"blogPost\" itemscope=\"itemscope\" itemtype=\"http:\/\/schema.org\/BlogPosting\">\n<div class=\"post-body entry-content\" id=\"post-body-8358000201960484129\" itemprop=\"articleBody\">\n<div>\n<div><span><span>Wie angek\u00fcndigt, ein weiteres Video, dieses Mal mit den Kabarettisten:<\/span><\/span><\/div>\n<p><span><span>Wir w\u00fcnschen all unseren KlientInnen und MitarbeiterInnen, viel Freude beim ansehen!<\/span><\/span><\/p>\n<div>\n<div class=\"separator\"><span><span><iframe loading=\"lazy\" allowfullscreen class=\"BLOG_video_class\" height=\"347\" src=\"https:\/\/www.youtube.com\/embed\/DyYeSa_cTJQ\" width=\"417\" youtube-src-id=\"DyYeSa_cTJQ\">[embedded content]<\/iframe><\/span><\/span><\/div>\n<\/div>\n<div>\n<div><span><span>Hier der Link zum&nbsp;<a href=\"https:\/\/www.youtube.com\/watch?v=DyYeSa_cTJQ&amp;t=2s\">Video<\/a>!<\/span><\/span><\/div>\n<div><span><span>Wir hoffen, dass wir Ihnen ein paar unbeschwerte Minuten bereiten k\u00f6nnen und bedanken uns herzlich bei den prominenten Kabarettisten, die selbst in dieser harten Zeit, es einrichten konnten, uns allen lustige Momente zu bescheren!<\/span><\/span><\/div>\n<h2 class=\"date-header\"><span><span>Donnerstag, 17. Juni 2021<\/span><\/span><\/h2>\n<div class=\"date-posts\">\n<div class=\"post-outer\">\n<div class=\"post hentry\" itemprop=\"blogPost\" itemscope=\"itemscope\" itemtype=\"http:\/\/schema.org\/BlogPosting\"><span><\/span><\/p>\n<h3 class=\"post-title entry-title\" itemprop=\"name\"><span><a href=\"https:\/\/investcon.blogspot.com\/2021\/06\/interview-mit-mag-klaus-frischmann.html\">Interview mit Mag. Klaus Frischmann, Senior Consulter<\/a><\/span><\/h3>\n<div class=\"post-body entry-content\" id=\"post-body-9075238491944626085\" itemprop=\"description articleBody\">\n<p><span>&nbsp;<\/span><\/p>\n<div class=\"separator\"><b><span face=\"&quot;Arial&quot;, sans-serif\" lang=\"DE-AT\"><a href=\"https:\/\/1.bp.blogspot.com\/-8OwHWJPNRsw\/YMmznGwC7QI\/AAAAAAAAAtg\/GVr2_cM3jEwwg6I7cb_SYuqR4sDSNGlxwCLcBGAsYHQ\/s150\/Mag-Frischmann-150-150x150.jpg\" imageanchor=\"1\"><span><img decoding=\"async\" border=\"0\" data-original-height=\"150\" data-original-width=\"150\" src=\"https:\/\/1.bp.blogspot.com\/-8OwHWJPNRsw\/YMmznGwC7QI\/AAAAAAAAAtg\/GVr2_cM3jEwwg6I7cb_SYuqR4sDSNGlxwCLcBGAsYHQ\/s0\/Mag-Frischmann-150-150x150.jpg\"><\/span><\/a><\/span><\/b><\/div>\n<p><b><span face=\"&quot;Arial&quot;, sans-serif\" lang=\"DE-AT\"><span><br \/>&nbsp;<\/span><\/span><\/b><\/p>\n<p class=\"MsoNormal\"><b><span face=\"&quot;Arial&quot;, sans-serif\" lang=\"DE-AT\"><span>&nbsp;<\/span><\/span><\/b><\/p>\n<p class=\"MsoNormal\"><b><span face=\"&quot;Arial&quot;, sans-serif\" lang=\"DE-AT\"><span>&nbsp;<\/span><\/span><\/b><\/p>\n<p class=\"MsoNormal\"><b><span face=\"&quot;Arial&quot;, sans-serif\" lang=\"DE-AT\"><span>&nbsp;<\/span><\/span><\/b><\/p>\n<p class=\"MsoNormal\"><b><span face=\"&quot;Arial&quot;, sans-serif\" lang=\"DE-AT\"><span>&nbsp;<\/span><\/span><\/b><\/p>\n<p class=\"MsoNormal\"><b><span face=\"&quot;Arial&quot;, sans-serif\" lang=\"DE-AT\"><span>&nbsp;<\/span><\/span><\/b><\/p>\n<p class=\"MsoNormal\"><span><b><span face=\"&quot;Arial&quot;, sans-serif\" lang=\"DE-AT\">Invest-con:&nbsp;<\/span><\/b><span face=\"&quot;Arial&quot;, sans-serif\" lang=\"DE-AT\">Herr Mag. Frischmann<\/span><span face=\"&quot;Arial&quot;,sans-serif\" lang=\"DE-AT\">, wie sind Sie eigentlich zu Investcon gekommen?<\/span><span face=\"&quot;Helvetica&quot;,sans-serif\" lang=\"DE-AT\"><\/span><\/span><\/p>\n<p class=\"MsoNormal\"><span><b><span face=\"&quot;Arial&quot;,sans-serif\" lang=\"DE-AT\">Frischmann:<\/span><\/b><span face=\"&quot;Arial&quot;,sans-serif\" lang=\"DE-AT\">&nbsp;Nach meinem&nbsp;Abgang 2011 aus einem internationalen&nbsp;Gro\u00dfkonzern, war f\u00fcr mich klar, dass mich die Zukunft in das Unternehmertum f\u00fchren wird. Das Ziel war, sich in der Finanzwelt zu etablieren. Dies habe ich auch studiert und dies war mein Plan. Offensichtlich hat sich Invest-con das auch gedacht.&nbsp;Denn durch&nbsp;Zufall kreuzten sich unsere Wege und da war ich.&nbsp;<\/span><\/span><\/p>\n<p class=\"MsoNormal\"><span><b><span face=\"&quot;Arial&quot;,sans-serif\" lang=\"DE-AT\">Invest-con:&nbsp;<\/span><\/b><span face=\"&quot;Arial&quot;,sans-serif\" lang=\"DE-AT\">Und was ist f\u00fcr Sie das besonders Reizvolle an dieser T\u00e4tigkeit?<\/span><span face=\"&quot;Helvetica&quot;,sans-serif\" lang=\"DE-AT\"><\/span><\/span><\/p>\n<p class=\"MsoNormal\"><span><b><span face=\"&quot;Arial&quot;,sans-serif\" lang=\"DE-AT\">Frischmann:<\/span><\/b><span face=\"&quot;Arial&quot;,sans-serif\" lang=\"DE-AT\">&nbsp;Dies ist ganz einfach zu beantworten: Menschen helfen zu k\u00f6nnen. Menschen mit der Objektivit\u00e4t, die wir bieten, zu unterst\u00fctzen um ihre finanzielle Zukunft zu gestalten.<\/span><span lang=\"DE-AT\"><\/span><\/span><\/p>\n<p class=\"MsoNormal\"><span><span face=\"&quot;Arial&quot;,sans-serif\" lang=\"DE-AT\">&nbsp;<\/span><span lang=\"DE-AT\"><\/span><\/span><\/p>\n<p class=\"MsoNormal\"><span><b><span face=\"&quot;Arial&quot;,sans-serif\" lang=\"DE-AT\">Invest-con:&nbsp;<\/span><\/b><span face=\"&quot;Arial&quot;,sans-serif\" lang=\"DE-AT\">Inwieweit hatte die Corona-Krise Einfluss auf Ihre Beratungst\u00e4tigkeit?<\/span><span lang=\"DE-AT\"><\/span><\/span><\/p>\n<p class=\"MsoNormal\"><span><b><span face=\"&quot;Arial&quot;,sans-serif\" lang=\"DE-AT\">Frischmann:<\/span><\/b><span face=\"&quot;Arial&quot;,sans-serif\" lang=\"DE-AT\">&nbsp;Nach einer kurzen &#8211; wirklich kurzen &#8211; Schockstarre waren die Auswirkungen weit geringer als erwartet. Schlussendlich sind wir in einer Branche t\u00e4tig, die zwar&nbsp;Krisen&nbsp;kennt, sich davon aber nie&nbsp;beeinflussen&nbsp;lassen darf. Vogel-Strau\u00df-Taktik w\u00e4re nur zum Schaden der Kunden gewesen, und dies darf es nie geben.<\/span><span face=\"&quot;Arial&quot;,sans-serif\" lang=\"DE-AT\">&nbsp;<\/span><span face=\"&quot;Helvetica&quot;,sans-serif\" lang=\"DE-AT\"><\/span><\/span><\/p>\n<p class=\"MsoNormal\"><span><span face=\"&quot;Arial&quot;,sans-serif\" lang=\"DE-AT\">&nbsp;<\/span><span lang=\"DE-AT\"><\/span><\/span><\/p>\n<p class=\"MsoNormal\"><span><b><span face=\"&quot;Arial&quot;,sans-serif\" lang=\"DE-AT\">Invest-con:&nbsp;<\/span><\/b><span face=\"&quot;Arial&quot;,sans-serif\" lang=\"DE-AT\">Wenn Sie an die Zukunft im Finanzbereich denken: Was sind aus Ihrer Sicht die gr\u00f6\u00dften Herausforderungen?<\/span><span lang=\"DE-AT\"><\/span><\/span><\/p>\n<p class=\"MsoNormal\"><span><b><span face=\"&quot;Arial&quot;,sans-serif\" lang=\"DE-AT\">Frischmann:<\/span><\/b><span face=\"&quot;Arial&quot;,sans-serif\" lang=\"DE-AT\">&nbsp;Herausforderungen machen einen st\u00e4rker. Daher sehe ich alles sehr gelassen. Aber nat\u00fcrlich wird uns der Bereich&nbsp;Digitalisierung und Regulierung stark beeinflussen.&nbsp;Da wir aber immer den ber\u00fchmten Schritt voraus sind, sehe ich dies &#8211; wie gesagt &#8211; gelassen.<\/span><\/span><\/p>\n<p class=\"MsoNormal\"><span><b><span face=\"&quot;Arial&quot;,sans-serif\" lang=\"DE-AT\">Invest-con:&nbsp;<\/span><\/b><span face=\"&quot;Arial&quot;,sans-serif\" lang=\"DE-AT\">Welchen Rat w\u00fcrden Sie einem Quereinsteiger mitgeben?<\/span><span lang=\"DE-AT\"><\/span><\/span><\/p>\n<p class=\"MsoNormal\"><span><b><span face=\"&quot;Arial&quot;,sans-serif\" lang=\"DE-AT\">Frischmann:<\/span><\/b><span face=\"&quot;Arial&quot;,sans-serif\" lang=\"DE-AT\">&nbsp;Der Expertise des Unternehmens zu vertrauen.&nbsp;Die Chance ergreifen. Das Gelernte annehmen und umsetzen.<\/span><span face=\"&quot;Helvetica&quot;,sans-serif\" lang=\"DE-AT\"><\/span><\/span><\/p>\n<p class=\"MsoNormal\"><span><span face=\"&quot;Arial&quot;,sans-serif\" lang=\"DE-AT\">&nbsp;<\/span><span lang=\"DE-AT\"><\/span><\/span><\/p>\n<p class=\"MsoNormal\"><span><b><span face=\"&quot;Arial&quot;,sans-serif\" lang=\"DE-AT\">Invest-con:&nbsp;<\/span><\/b><span face=\"&quot;Arial&quot;,sans-serif\" lang=\"DE-AT\">Wie lautet Ihr pers\u00f6nliches Lebensmotto?<\/span><span lang=\"DE-AT\"><\/span><\/span><\/p>\n<p class=\"MsoNormal\"><span><b><span face=\"&quot;Arial&quot;,sans-serif\" lang=\"DE-AT\">Frischmann:<\/span><\/b><span face=\"&quot;Arial&quot;,sans-serif\" lang=\"DE-AT\">&nbsp;Du kannst dem Leben nicht mehr Tage&nbsp;geben, dem Tag aber mehr Leben!!!<\/span><span face=\"&quot;Helvetica&quot;,sans-serif\" lang=\"DE-AT\"><\/span><\/span><\/p>\n<p class=\"MsoNormal\"><span><b><span face=\"&quot;Arial&quot;,sans-serif\" lang=\"DE-AT\">&nbsp;<\/span><\/b><span lang=\"DE-AT\"><\/span><\/span><\/p>\n<p class=\"MsoNormal\"><span><b><span face=\"&quot;Arial&quot;,sans-serif\" lang=\"DE-AT\">Allgemeine Angaben:<\/span><\/b><span lang=\"DE-AT\"><\/span><\/span><\/p>\n<p class=\"MsoNormal\"><span><span face=\"&quot;Arial&quot;,sans-serif\" lang=\"DE-AT\">Familienstand:&nbsp;<span>verheiratet<\/span><\/span><span lang=\"DE-AT\"><\/span><\/span><\/p>\n<p class=\"MsoNormal\"><span face=\"&quot;Arial&quot;,sans-serif\" lang=\"DE-AT\"><span>Freizeit\/Hobbies:&nbsp;<span>Familie, Politik \ud83d\ude42<\/span><\/span><\/span><\/p>\n<h2 class=\"date-header\"><span><span>Donnerstag, 17. Juni 2021<\/span><\/span><\/h2>\n<div class=\"date-posts\">\n<div class=\"post-outer\">\n<div class=\"post hentry\" itemprop=\"blogPost\" itemscope=\"itemscope\" itemtype=\"http:\/\/schema.org\/BlogPosting\"><span><\/span><\/p>\n<h3 class=\"post-title entry-title\" itemprop=\"name\"><span><a href=\"https:\/\/investcon.blogspot.com\/2021\/06\/bettina-darf-nun-doch-nach-tokio-und.html\">Bettina darf nun doch nach Tokio &#8211; und wir freuen uns mit ihr! #investcongoesOlympia<\/a><\/span><\/h3>\n<div class=\"post-body entry-content\" id=\"post-body-8966681570068751309\" itemprop=\"description articleBody\">\n<p><span>&nbsp;<\/span><\/p>\n<div class=\"separator\"><a href=\"https:\/\/1.bp.blogspot.com\/-6xs5xGkE8tU\/YMoD7Qd2AbI\/AAAAAAAAAto\/5MZZwUg7GeQS6f_IxsFjMCL4euGoeQ5RQCLcBGAsYHQ\/s640\/Bild%2B1.jpg\" imageanchor=\"1\"><span><img decoding=\"async\" border=\"0\" data-original-height=\"640\" data-original-width=\"478\" height=\"320\" src=\"https:\/\/1.bp.blogspot.com\/-6xs5xGkE8tU\/YMoD7Qd2AbI\/AAAAAAAAAto\/5MZZwUg7GeQS6f_IxsFjMCL4euGoeQ5RQCLcBGAsYHQ\/s320\/Bild%2B1.jpg\"><\/span><\/a><\/div>\n<p><span><br \/><\/span><\/p>\n<p><span>&nbsp;<\/span><\/p>\n<p class=\"MsoNormal\"><span><span>Dienstag Nachmittag schaffte Bettina Plank, die European Games-Siegerin in der Klasse bis 55 Kilo, sich mit weiteren 10 Starterinnen bei Olympia, f\u00fcr \u00d6sterreich zu qualifizieren.<\/span><\/span><\/p>\n<p>Nachdem sie selbst sagte:&nbsp;<b>&nbsp;<\/b><\/p>\n<\/div>\n<\/div>\n<\/div>\n<\/div>\n<\/div>\n<\/div>\n<\/div>\n<\/div>\n<\/div>\n<\/div>\n<\/div>\n<\/div>\n<\/div>\n<\/div>\n<\/div>\n<\/div>\n<\/div>\n<\/div>\n<\/div>\n<\/div>\n<\/div>\n<\/div>\n<\/div>\n<\/div>\n<\/div>\n<\/div>\n<p><\/span><\/p>\n<p class=\"MsoNormal\"><span><b><span>&nbsp;&#8222;Ich war mir noch vor dem Olympia-Quali-Turnier in Paris sicher, dass sich der Kontinentalplatz f\u00fcr mich rechnerisch nicht mehr ausgehen wird. Da h\u00e4tten zu viele Zuf\u00e4lle zusammenkommen m\u00fcssen&#8220;<\/span><\/b><\/span><\/p>\n<p>&#8222;Jetzt freue ich mich, dass ich \u00d6sterreich und meine Sportart vertreten darf, das ist eine gro\u00dfe Verantwortung!&#8220;<\/p>\n<p>Die gesamte Firma Investcon freut sich mit der sympathischen Ausnahme-Athletin und sind sehr stolz, sie als unsere Markenbotschafterin bei dieser einmaligen Chance unterst\u00fctzen zu d\u00fcrfen! Vor allem, weil Karate erstmals bei Olympia vertreten ist und wahrscheinlich auch zum letzten mal.<\/p>\n<p class=\"MsoNormal\"><span><span>Frau Bettina Plank wird ca. in einem Monat, in Tokio zeigen, warum Spitzenleistung und hartes Training immer Hand in Hand gehen!<\/span><\/span><\/p>\n<p><i><u>Go for Gold<\/u><\/i><\/p>\n<h2 class=\"date-header\"><span><span>Dienstag, 22. Juni 2021<\/span><\/span><\/h2>\n<div class=\"date-posts\">\n<div class=\"post-outer\">\n<div class=\"post hentry\" itemprop=\"blogPost\" itemscope=\"itemscope\" itemtype=\"http:\/\/schema.org\/BlogPosting\"><span><\/span><\/p>\n<div class=\"post-body entry-content\" id=\"post-body-1240580498576632541\" itemprop=\"description articleBody\"><span><br \/><\/span><span><br \/>&nbsp;<\/span><\/p>\n<h2 class=\"date-header\"><span><span>Montag, 28. Juni 2021<\/span><\/span><\/h2>\n<div class=\"date-posts\">\n<div class=\"post-outer\">\n<div class=\"post hentry\" itemprop=\"blogPost\" itemscope=\"itemscope\" itemtype=\"http:\/\/schema.org\/BlogPosting\"><span><\/span><\/p>\n<h3 class=\"post-title entry-title\" itemprop=\"name\"><span><a href=\"https:\/\/investcon.blogspot.com\/2021\/06\/etwas-zum-lachen-das-video-eine-frage.html\">Etwas zum Lachen! Das Video: eine Frage der Zeit mit #Investcon #G\u00fcntherLainer #NorbertPeter #Makingofphoto<\/a><\/span><\/h3>\n<div class=\"post-body entry-content\" id=\"post-body-2122083099849655880\" itemprop=\"articleBody\">\n<p align=\"center\" class=\"MsoNormal\"><span><span lang=\"DE-AT\"><span>Wir w\u00fcnschen all unseren KlientInnen und MitarbeiterInnen, viel Freude beim ansehen!<\/span><\/span><span lang=\"DE-AT\"><o:p><\/o:p><\/span><\/span><\/p>\n<div>\n<div class=\"separator\"><span><iframe loading=\"lazy\" allowfullscreen class=\"BLOG_video_class\" height=\"372\" src=\"https:\/\/www.youtube.com\/embed\/JlxSetAEz20\" width=\"447\" youtube-src-id=\"JlxSetAEz20\">[embedded content]<\/iframe><\/span><\/div>\n<p><span><br \/><span><br \/><\/span><\/span><\/div>\n<div>\n<div><span><span>Hier der Link zum&nbsp;<a href=\"https:\/\/youtu.be\/JlxSetAEz20\">Video<\/a>!<\/span><\/span><\/div>\n<div><span><span>Wir hoffen, dass wir Ihnen ein paar unbeschwerte Minuten bereiten k\u00f6nnen und bedanken uns herzlich bei den prominenten Kabarettisten, die selbst in dieser harten Zeit, es einrichten konnten, uns allen lustige Momente zu bescheren!<\/span><\/span><\/div>\n<div><span><span>Hier noch ein Einblick in die Dreharbeiten:<\/span><\/span><\/div>\n<table align=\"center\" cellpadding=\"0\" cellspacing=\"0\" class=\"tr-caption-container\">\n<tbody>\n<tr>\n<td><a href=\"https:\/\/1.bp.blogspot.com\/-xpK1UGNPFrY\/YNnc_sHm0xI\/AAAAAAAABME\/pNGa3uC-MygCkapukKu7hCgcfRYKSloMwCNcBGAsYHQ\/s2048\/Lainer%2Bfoto.jpg\" imageanchor=\"1\"><span><img decoding=\"async\" loading=\"lazy\" border=\"0\" data-original-height=\"1761\" data-original-width=\"2048\" height=\"448\" src=\"https:\/\/1.bp.blogspot.com\/-xpK1UGNPFrY\/YNnc_sHm0xI\/AAAAAAAABME\/pNGa3uC-MygCkapukKu7hCgcfRYKSloMwCNcBGAsYHQ\/w522-h448\/Lainer%2Bfoto.jpg\" width=\"522\"><\/span><\/a><\/td>\n<\/tr>\n<tr>\n<td class=\"tr-caption\"><span><span>Quelle: Investcon Group | Herr G\u00fcnther Lainer &#8211; Gausl&nbsp;<\/span><\/span><\/td>\n<\/tr>\n<\/tbody>\n<\/table>\n<h2 class=\"date-header\"><span><span>Freitag, 16. Juli 2021<\/span><\/span><\/h2>\n<div class=\"date-posts\">\n<div class=\"post-outer\">\n<div class=\"post hentry\" itemprop=\"blogPost\" itemscope=\"itemscope\" itemtype=\"http:\/\/schema.org\/BlogPosting\"><span><\/span><\/p>\n<h3 class=\"post-title entry-title\" itemprop=\"name\"><span><a href=\"https:\/\/investcon.blogspot.com\/2021\/07\/inagurationsfeier-invest-con.html\">Inagurationsfeier INVEST-CON #congratulations #investconAktuelles<\/a><\/span><\/h3>\n<div class=\"post-body entry-content\" id=\"post-body-6518678735432892519\" itemprop=\"articleBody\">\n<div class><span><span>Am 01.07. lud das Management der INVEST-CON Group zur Inaugurationsfeier in die R\u00e4umlichkeiten des Parkhotel Sch\u00f6nbrunn, wo die Auszeichnung der Absolventinnen und Absolventen zur Fachpr\u00fcfung in w\u00fcrdigem Rahmen stattfand.&nbsp;<\/span><\/span><\/div>\n<div class>\n<div class=\"separator\"><a href=\"https:\/\/1.bp.blogspot.com\/-JgEyr7PyzuY\/YPFFwU-g-mI\/AAAAAAAABMc\/6IWM8YVAcdAkv7HJg8EPXZMEZLI6nJhswCNcBGAsYHQ\/s2016\/IMG_2386.jpg\" imageanchor=\"1\"><span><span><img decoding=\"async\" loading=\"lazy\" border=\"0\" data-original-height=\"1512\" data-original-width=\"2016\" height=\"303\" src=\"https:\/\/1.bp.blogspot.com\/-JgEyr7PyzuY\/YPFFwU-g-mI\/AAAAAAAABMc\/6IWM8YVAcdAkv7HJg8EPXZMEZLI6nJhswCNcBGAsYHQ\/w404-h303\/IMG_2386.jpg\" width=\"404\"><\/span><\/span><\/a><\/div>\n<p><span><span><br \/><\/span><\/span><\/div>\n<div class><span><span><span>Zwei neue KollegInnen haben sogar mit ausgezeichnetem Erfolg abgeschlossen &#8211; ein sch\u00f6ner Beleg f\u00fcr die fachlich hochstehende Ausbildung sowie Vorbereitung unserer Anw\u00e4rter, denen das gesamte Management recht herzlich gratuliert!<\/span><\/span><\/span><\/div>\n<p><span><\/p>\n<div><img decoding=\"async\" loading=\"lazy\" border=\"0\" data-original-height=\"1512\" data-original-width=\"2016\" height=\"257\" src=\"https:\/\/1.bp.blogspot.com\/-ChTPsX0IzQg\/YPFFxM4HxYI\/AAAAAAAABMo\/qiesRGRpKPUKlXnFTKA-PZT-nfQpsW5IwCNcBGAsYHQ\/w337-h257\/IMG_2404.jpg\" width=\"337\"><\/div>\n<div>\n<h2 class=\"date-header\"><span><\/p>\n<div><span>Sonntag, 5. August 2021<\/span><\/div>\n<p><\/span><\/h2>\n<div class=\"date-posts\">\n<div class=\"post-outer\">\n<div class=\"post hentry\" itemprop=\"blogPost\" itemscope=\"itemscope\" itemtype=\"http:\/\/schema.org\/BlogPosting\">\n<div class=\"post-body entry-content\" id=\"post-body-8358000201960484129\" itemprop=\"articleBody\">\n<h3 class=\"post-title entry-title\" itemprop=\"name\"><a href=\"https:\/\/investcon.blogspot.com\/2021\/08\/bettina-plank-gewinnt-olympia-bronze.html\">Bettina Plank gewinnt Olympia-Bronze!<\/a><\/h3>\n<div class=\"post-body entry-content\" id=\"post-body-4186547413434695024\" itemprop=\"description articleBody\">\n<p class=\"MsoNormal\"><span><span lang=\"JA\">\u304a\u3081\u3067\u3068\u3046\uff01<\/span><span><\/span><\/span><\/p>\n<p class=\"MsoNormal\"><span>oder:<\/span><\/p>\n<p class=\"MsoNormal\"><span>Herzliche Gratulation, liebe Betti!<\/span><\/p>\n<p class=\"MsoNormal\"><span>Wahnsinn, du bist Bronze-Medaillengewinnerin bei der Olympia-Premiere im Karate und schreibst damit \u00d6sterreichische Sportgeschichte!<\/span><\/p>\n<p class=\"MsoNormal\"><span>Du hast bis zuletzt gek\u00e4mpft, an dich geglaubt und \u201eden letzten Zug\u201c nach Tokyo genommen. Dein Weg zeigt, dass es sich auszahlt niemals aufzugeben \u2013 du bist ein Vorbild f\u00fcr uns alle!<\/span><\/p>\n<p class=\"MsoNormal\"><span>Das gesamte Team der #INVEST-CON freut sich sooo sehr mit dir! Wir sagen DANKE f\u00fcr diese erfolgreiche Partnerschaft!<\/span><\/p>\n<p class=\"MsoNormal\"><span>&nbsp;<\/span><\/p>\n<div class=\"separator\"><a href=\"https:\/\/1.bp.blogspot.com\/-Z2X43--qzFo\/YQvQJz_witI\/AAAAAAAAAuk\/yls0wAI3WEYnMv2rU63TWU4z30flQD1EACLcBGAsYHQ\/s655\/plank.jpg\" imageanchor=\"1\"><img decoding=\"async\" loading=\"lazy\" border=\"0\" data-original-height=\"422\" data-original-width=\"655\" height=\"258\" src=\"https:\/\/1.bp.blogspot.com\/-Z2X43--qzFo\/YQvQJz_witI\/AAAAAAAAAuk\/yls0wAI3WEYnMv2rU63TWU4z30flQD1EACLcBGAsYHQ\/w400-h258\/plank.jpg\" width=\"400\"><\/a><\/div>\n<div class=\"separator\">\n<h2 class=\"date-header\"><span>Sonntag, 8. August 2021<\/span><\/h2>\n<\/div>\n<div class=\"separator\">\n<h3 class=\"post-title entry-title\" itemprop=\"name\"><a href=\"https:\/\/investcon.blogspot.com\/2021\/08\/grune-bonds-gegen-braune-kohle.html\">Gr\u00fcne Bonds gegen braune Kohle #InvestconAktuelles #Greendeal #InvestconEthik #ESG<\/a><\/h3>\n<div class=\"post-body entry-content\" id=\"post-body-1162594457239352194\" itemprop=\"articleBody\">\n<div>\n<div>Investcon Group Beteiligungs GmbH Expertentipp:&nbsp;<\/div>\n<div>Mit der deutlichen Unterst\u00fctzung aller Regierungen und Staaten von dem&nbsp;<a href=\"https:\/\/de.wikipedia.org\/wiki\/European_Green_Deal#:~:text=Dezember%202019%20vorgestelltes%20Konzept%20mit,erster%20Kontinent%20klimaneutral%20zu%20werden.&amp;text=Der%20Green%20Deal%20soll%20zentraler%20Bestandteil%20der%20Klimapolitik%20der%20Europ%C3%A4ischen%20Union%20werden.\">European Green Deal<\/a>, gibt es pl\u00f6tzlich ganz neue Perspektiven f\u00fcr einen globalen Wandel! \u00c4hnlich wie durch die Erfindung des Internet oder der Industrialisierung und der Eisenbahn Anfang des 19. Jahrhunderts.<\/div>\n<div>Mit solchen Errungenschaften, gingen auch immer starke, globale Aufschw\u00fcnge in der Wirtschaft einher.<\/div>\n<div>Dies wird aber auch davon abh\u00e4ngig sein, wie die privaten Anleger die M\u00f6glichkeiten annehmen vermehrt in gr\u00fcne Investments zu investieren und dadurch zu diesem l\u00e4ngst \u00fcberf\u00e4lligen Wandel beitragen!&nbsp;<\/div>\n<div>Aufgrund&nbsp;extremer Wetterereignisse haben zwischen 2007 und 2016&nbsp; Umweltsch\u00e4den um 86 % zugenommen. Im Jahr 2018 waren es bereits Sch\u00e4den \u00fcber 110 Milliarden Euro weltweit! Auch in \u00d6sterreich kommt es h\u00e4ufig zu Umweltsch\u00e4den, wie die Zerst\u00f6rung der W\u00e4lder durch den starken Befall von Borkenk\u00e4fern oder auch die massiven Zerst\u00f6rungen durch die Unwetter im Sommer 2021.&nbsp;<\/div>\n<div>Wenn auch Ihnen Themen wie Umweltschutz, Tierschutz und\/oder ethische Kriterien bei Ihren Investments wichtig sind,&nbsp;<a href=\"https:\/\/www.invest-con.com\/homepages\/investcon\/kontakt\/\">fragen Sie unsere gepr\u00fcften BeraterInnen<\/a>&nbsp;welche tollen und renditestarken M\u00f6glichkeiten es hier inzwischen gibt. Auch von altbekannten Spezialistinnen und Spezialisten was den Umweltschutz betrifft, wie dem WWF uvm.<\/div>\n<\/div>\n<div>\n<h2 class=\"date-header\"><span>Mittwoch, 11. August 2021<\/span><\/h2>\n<div class=\"date-posts\">\n<div class=\"post-outer\">\n<div class=\"post hentry\" itemprop=\"blogPost\" itemscope=\"itemscope\" itemtype=\"http:\/\/schema.org\/BlogPosting\"><span><\/span><\/p>\n<h3 class=\"post-title entry-title\" itemprop=\"name\"><a href=\"https:\/\/investcon.blogspot.com\/2021\/08\/against-all-odds-invest-con-freut-sich.html\">Against all Odds! INVEST-CON freut sich mit Bettina \u00fcber Bronze<\/a><\/h3>\n<div class=\"post-body entry-content\" id=\"post-body-2082120753835136903\" itemprop=\"description articleBody\">\n<p class=\"p1\"><span class=\"s1\"><span lang=\"DE-AT\">&nbsp;<\/span><\/span><\/p>\n<div class=\"separator\"><span class=\"s1\"><span lang=\"DE-AT\"><a href=\"https:\/\/1.bp.blogspot.com\/-oW3kikoydvg\/YREFHw80KPI\/AAAAAAAAAus\/jc8QjwIlNDg3ZF5dHi7xv6xJC4SDoeQZACLcBGAsYHQ\/s900\/plank.jpg\"><img decoding=\"async\" loading=\"lazy\" border=\"0\" data-original-height=\"600\" data-original-width=\"900\" height=\"266\" src=\"https:\/\/1.bp.blogspot.com\/-oW3kikoydvg\/YREFHw80KPI\/AAAAAAAAAus\/jc8QjwIlNDg3ZF5dHi7xv6xJC4SDoeQZACLcBGAsYHQ\/w400-h266\/plank.jpg\" width=\"400\"><\/a><\/span><\/span><\/div>\n<p class=\"p1\"><span class=\"s1\"><span lang=\"DE-AT\"><span>Foto: \u00d6OC\/GEPA pictures<o:p><\/o:p><\/span><\/span><\/span><\/p>\n<p class=\"p1\"><span class=\"s1\"><span lang=\"DE-AT\">&nbsp;<\/span><\/span><\/p>\n<p class=\"p1\"><span class=\"s1\"><span lang=\"DE-AT\">&nbsp;<\/span><\/span><\/p>\n<p class=\"p1\"><span><span class=\"s1\"><span lang=\"DE-AT\">Als wir Bettina Plank 2017 auf einen der gr\u00f6\u00dften europ\u00e4ischen Sommer-Karate-Camps von Christian Ramsebner (ASK\u00d6) in Neuhofen kennenlernten, war Sie gerade wieder einmal Staatsmeisterin und f\u00fcr uns eindeutig der n\u00e4chste Stern am \u00f6sterreichischen Kampfsporthimmel.<\/span><\/span><span lang=\"DE-AT\">&nbsp;<\/span><\/span><\/p>\n<p class=\"p1\"><span class=\"s1\"><span lang=\"DE-AT\"><span>&nbsp;<\/span><\/span><\/span><\/p>\n<p class=\"p1\"><b><span lang=\"DE-AT\"><span>Schwierige Vorzeichen \u2013 fester Glaube<o:p><\/o:p><\/span><\/span><\/b><\/p>\n<p class=\"p1\"><span lang=\"DE-AT\"><span>F\u00fcr Bettina Plank und ihren Kampfsport er\u00f6ffnete Tokio ein einmaliges Fenster, das sich mit den zu Ende gegangenen Spielen auch schon wieder schlie\u00dft, denn bereits 2024 in Paris ist Karate nicht mehr Teil des olympischen Programms. Die Vorzeichen, diese einmalige Chance zu nutzen, waren alles andere als rosig.&nbsp;<o:p><\/o:p><\/span><\/span><\/p>\n<p class=\"p1\"><span lang=\"DE-AT\"><span>&nbsp;<\/span><\/span><\/p>\n<p class=\"p1\"><span lang=\"DE-AT\"><span>Doch dann kam der Anruf: Bettina Plank hatte den einzigen Kontinental-Quotenplatz erhalten und war somit in Tokio dabei. Die Freude war f\u00fcr alle Beteiligten riesengro\u00df!<o:p><\/o:p><\/span><\/span><\/p>\n<p class=\"p1\"><span lang=\"DE-AT\"><span>&nbsp;<\/span><\/span><\/p>\n<p class=\"p1\"><span lang=\"DE-AT\"><span>Die Kumite-Karateka war als Letzte auf den Olympiazug aufgesprungen, nicht in Form, mental angeschlagen und wurde in eine Gewichtsklasse mit schwereren Gegnerinnen zusammengelegt.&nbsp;<\/span><\/span><\/p>\n<p class=\"p1\"><span lang=\"DE-AT\"><span>&nbsp;<\/span><\/span><\/p>\n<p class=\"p1\"><span class=\"s1\"><b><span lang=\"DE-AT\"><span>Jetzt erst recht<o:p><\/o:p><\/span><\/span><\/b><\/span><\/p>\n<p class=\"p1\"><span class=\"s1\"><span lang=\"DE-AT\"><span>Doch es war gerade die Auftakt-Niederlage gegen Weltmeisterin Miho Miyahara, die Bettina letztlich auf den Erfolgskurs in Richtung Bronze-Medaille brachte. \u201cIch habe dort gemerkt, dass ich mich wohl f\u00fchle auf der Matte und eine gute Performance bringen kann\u201d, meint die in Ober\u00f6sterreich lebende Vorarlbergerin. Genauso war es auch: Im weltber\u00fchmten Nippon Bud\u014dkan von Tokio schaffte Bettina Plank ihren bislang gr\u00f6\u00dften Karriereerfolg: die Olympia-Medaille in Bronze!<o:p><\/o:p><\/span><\/span><\/span><\/p>\n<p class=\"p1\"><span lang=\"DE-AT\"><span>&nbsp;<\/span><\/span><\/p>\n<p class=\"p1\"><span class=\"s1\"><span lang=\"DE-AT\"><span>Wir haben fest auf sie gesetzt und Bettina hat unsere Erwartungen \u00fcbertroffen. Wir sind voller Stolz und Freude!<o:p><\/o:p><\/span><\/span><\/span><\/p>\n<p class=\"p1\"><span class=\"s1\"><b><span lang=\"DE-AT\"><span>&nbsp;<\/span><\/span><\/b><\/span><\/p>\n<p class=\"p1\"><span class=\"s1\"><b><span lang=\"DE-AT\"><span>Meet &amp; Greet<o:p><\/o:p><\/span><\/span><\/b><\/span><\/p>\n<p class=\"p1\"><span class=\"s1\"><span lang=\"DE-AT\"><span>Bis Ende September verlosen wir unter allen Kundenterminen 3x ein Meet &amp; Greet mit der ersten Olympia-Medaillen-Gewinnerin in Karate f\u00fcr \u00d6sterreich!<\/span><\/span><\/span><\/p>\n<h2 class=\"date-header\"><span>Freitag, 13. August 2021<\/span><\/h2>\n<div class=\"date-posts\">\n<div class=\"post-outer\">\n<div class=\"post hentry\" itemprop=\"blogPost\" itemscope=\"itemscope\" itemtype=\"http:\/\/schema.org\/BlogPosting\"><span><\/span><\/p>\n<h3 class=\"post-title entry-title\" itemprop=\"name\"><a href=\"https:\/\/investcon.blogspot.com\/2021\/08\/interview-mit-frau-v-radu-senior.html\">Interview mit Frau V. Radu, Senior Consulter<\/a><\/h3>\n<div class=\"post-body entry-content\" id=\"post-body-6830874828790761196\" itemprop=\"description articleBody\">\n<div class=\"separator\"><a href=\"https:\/\/1.bp.blogspot.com\/-1MoFpQYbf0o\/YRTmkJrs9PI\/AAAAAAAAAu0\/tlhEfJEbvuMl7FhpJ1Ewm4oiWE3xZPTJACLcBGAsYHQ\/s839\/Bild%2BRadu.jpg\"><img decoding=\"async\" loading=\"lazy\" border=\"0\" data-original-height=\"839\" data-original-width=\"670\" height=\"200\" src=\"https:\/\/1.bp.blogspot.com\/-1MoFpQYbf0o\/YRTmkJrs9PI\/AAAAAAAAAu0\/tlhEfJEbvuMl7FhpJ1Ewm4oiWE3xZPTJACLcBGAsYHQ\/w160-h200\/Bild%2BRadu.jpg\" width=\"160\"><\/a><\/div>\n<p>&nbsp;<\/p>\n<p><i><span face=\"&quot;Calibri&quot;,sans-serif\" lang=\"DE-AT\">Invest-con: Frau Radu, wie sind Sie eigentlich zu InvestCon gekommen?<\/span><\/i><\/p>\n<p><span face=\"&quot;Calibri&quot;,sans-serif\" lang=\"DE-AT\">Radu: Durch einen Headhunter. Nach 10 Jahren als Angestellte wollte ich mich pers\u00f6nlich ver\u00e4ndern und nahm Kontakt mit einem Headhunter auf.<\/span><i><span face=\"&quot;Calibri&quot;,sans-serif\" lang=\"DE-AT\"><br \/><\/span><\/i><\/p>\n<p><i><span face=\"&quot;Calibri&quot;,sans-serif\" lang=\"DE-AT\">&nbsp;<\/span><\/i><\/p>\n<p><i><span face=\"&quot;Calibri&quot;,sans-serif\" lang=\"DE-AT\">Invest-con: Und was ist f\u00fcr Sie das besonders Reizvolle an dieser T\u00e4tigkeit?<\/span><\/i><\/p>\n<p><span face=\"&quot;Calibri&quot;,sans-serif\" lang=\"DE-AT\">Radu: Mir war es immer ein besonderes Anliegen Menschen helfen zu k\u00f6nnen. Wir leben ja in einer Zwei- oder Mehr-Klassengesellschaft. Alle, die es sich leisten k\u00f6nnen, lassen sich auf h\u00f6chstem Niveau beraten. Aber was passiert mit der restlichen Bev\u00f6lkerung? Wer k\u00fcmmert sich um die? Und was lernen wir in der Schule \u00fcber Finanzen? Somit habe ich es mir zur Aufgabe gemacht, Private Banking f\u00fcr alle anzubieten.<\/span><\/p>\n<p><span face=\"&quot;Calibri&quot;,sans-serif\" lang=\"DE-AT\">&nbsp;<\/span><\/p>\n<p class=\"MsoNormal\"><i><span lang=\"DE-AT\">Invest-con:<\/span><span lang=\"DE-AT\">&nbsp;Wie verl\u00e4uft eigentlich Ihr Arbeits-Alltag?<\/span><\/i><\/p>\n<p class=\"MsoNormal\"><span lang=\"DE-AT\">Radu:&nbsp;<\/span><span lang=\"DE-AT\">Am Morgen habe ich zuerst ein Team-Meeting mit meinem Gesch\u00e4ftspartner. Dann folgt die Schulung f\u00fcr neue Gesch\u00e4ftspartner und anschlie\u00dfend steht die Kundenbetreuung mit Recherchen, Monitoring, Konzepterarbeitung etc. am Tagesplan.<\/span><\/p>\n<p class=\"MsoNormal\"><i><span lang=\"DE-AT\">Invest-con: Auf welche(n) Erfolg(e) blicken Sie gerne zur\u00fcck?<\/span><\/i><\/p>\n<p class=\"MsoNormal\"><span lang=\"DE-AT\">Radu:&nbsp;<\/span><span lang=\"DE-AT\">Im ersten Jahr wurde ich gleich Senior Consulterin. Damit war ich die schnellste, j\u00fcngste und erste Frau in Wien. Zudem habe ich ein Team mit 10 Gesch\u00e4ftspartnern aufgebaut. Ja, und dann habe ich schon mit 23 Jahren mit dem Hausbau in Wien begonnen und wurde mit 26 Jahren selbst\u00e4ndig.<\/span><\/p>\n<p class=\"MsoNormal\"><i><span lang=\"DE-AT\">Invest-con:<\/span><span lang=\"DE-AT\">&nbsp;Welchen Rat w\u00fcrden Sie einem Quereinsteiger mitgeben?<\/span><\/i><\/p>\n<p class=\"MsoNormal\"><span lang=\"DE-AT\">Radu:&nbsp;<\/span><span lang=\"DE-AT\">W\u00e4hle den Beruf, den du liebst und du brauchst keinen Tag in deinem Leben mehr zu arbeiten.<\/span><\/p>\n<p class=\"MsoNormal\"><i><span lang=\"DE-AT\">Invest-con: Und wie lautet Ihr pers\u00f6nliches Lebensmotto?<\/span><\/i><\/p>\n<p class=\"MsoNormal\"><span lang=\"DE-AT\">Radu:&nbsp;<\/span><span lang=\"DE-AT\">Wer k\u00e4mpft, kann verlieren. Wer nicht k\u00e4mpft, hat schon verloren.<\/span><\/p>\n<h2 class=\"date-header\"><span>Dienstag, 28. September 2021<\/span><\/h2>\n<div class=\"date-posts\">\n<div class=\"post-outer\">\n<div class=\"post hentry\" itemprop=\"blogPost\" itemscope=\"itemscope\" itemtype=\"http:\/\/schema.org\/BlogPosting\">\n<div class=\"post-body entry-content\" id=\"post-body-8358000201960484129\" itemprop=\"articleBody\">\n<div>&nbsp; &nbsp; &nbsp; &nbsp;&nbsp;<\/div>\n<div>\n<h3 class=\"post-title entry-title\" itemprop=\"name\"><a href=\"https:\/\/investcon.blogspot.com\/2021\/09\/invest-con-group-beteiligungs-gmbh.html\"><span>INVEST-CON Group Beteiligungs GmbH | B\u00fcroer\u00f6ffnung 1230 Wien<\/span><\/a><\/h3>\n<div class=\"post-body entry-content\" id=\"post-body-4843343006950823767\" itemprop=\"articleBody\">\n<p><span><span><span>W<\/span><span>ir freuen uns sehr, Sie \u00fcber einen weiteren Standort,&nbsp;<\/span><\/span><span>der Investcon Group Beteiliguns GmbH<\/span><span><span>&nbsp;im&nbsp;<\/span><\/span><span>23. Wiener Gemeindebezirk,<\/span><span>&nbsp;im Stadtteil Mauer<\/span><span><span>,&nbsp;<\/span><\/span><span>informieren zu d\u00fcrfen!<\/span><span><span><span>&nbsp;<\/span><\/span><\/span><\/span><\/p>\n<p><span><span><span><span>Wir&nbsp;<\/span><\/span><span>gratulieren Herrn Consulting Direktor P. Brunner, Herrn Senior Consulter M. Winter, Herrn Senior Consult<\/span><\/span><span>er C. Haenlein und dem gesamten Team, zur Er\u00f6ffnung der neuen Kanzlei<\/span><span>!<\/span><\/span><\/p>\n<table align=\"center\" cellpadding=\"0\" cellspacing=\"0\" class=\"tr-caption-container\">\n<tbody>\n<tr>\n<td><a href=\"https:\/\/1.bp.blogspot.com\/-QVWjVbIyHCI\/YVF6fSUFRPI\/AAAAAAAABP4\/QoK-RYlBGF0QGVsxaL_IxakxbMbc4lxyQCNcBGAsYHQ\/s2016\/B%25C3%25BCroer%25C3%25B6ffnung%2B1230.jpg\"><img decoding=\"async\" loading=\"lazy\" border=\"0\" data-original-height=\"1512\" data-original-width=\"2016\" height=\"311\" src=\"https:\/\/1.bp.blogspot.com\/-QVWjVbIyHCI\/YVF6fSUFRPI\/AAAAAAAABP4\/QoK-RYlBGF0QGVsxaL_IxakxbMbc4lxyQCNcBGAsYHQ\/w415-h311\/B%25C3%25BCroer%25C3%25B6ffnung%2B1230.jpg\" width=\"415\"><\/a><\/td>\n<\/tr>\n<tr>\n<td class=\"tr-caption\">\n<table align=\"center\" cellpadding=\"0\" cellspacing=\"0\" class=\"tr-caption-container\">\n<tbody>\n<tr>\n<td class=\"tr-caption\"><span>Au\u00dfenansicht unserer neuen Kanzlei | W\u00e4hrend&nbsp;der Er\u00f6ffnungsfeier<br \/><\/span><\/td>\n<\/tr>\n<\/tbody>\n<\/table>\n<\/td>\n<\/tr>\n<\/tbody>\n<\/table>\n<\/div>\n<div class=\"post-body entry-content\" id=\"post-body-4843343006950823767\" itemprop=\"articleBody\">\n<h2 class=\"date-header\"><span>Donnerstag, 7. Oktober 2021<\/span><\/h2>\n<div class=\"date-posts\">\n<div class=\"post-outer\">\n<div class=\"post hentry\" itemprop=\"blogPost\" itemscope=\"itemscope\" itemtype=\"http:\/\/schema.org\/BlogPosting\"><span><\/span><\/p>\n<h3 class=\"post-title entry-title\" itemprop=\"name\"><a href=\"https:\/\/investcon.blogspot.com\/2021\/10\/bettina-plank-holt-sich-silber-in-moskau.html\">Bettina Plank holt sich Silber in Moskau<\/a><\/h3>\n<div class=\"post-body entry-content\" id=\"post-body-3180260152879997897\" itemprop=\"articleBody\"><span><\/p>\n<div><span>Wir gratulieren Frau Bettina Plank herzlich zum Gewinn der Silbermedaille in Moskau!&nbsp;<\/span><\/div>\n<p><\/span><\/p>\n<table cellpadding=\"0\" cellspacing=\"0\" class=\"tr-caption-container\">\n<tbody>\n<tr>\n<td><a href=\"https:\/\/1.bp.blogspot.com\/-sZsioz_1GOE\/YV2e-TYFsjI\/AAAAAAAABQs\/pJm6EIln0acplGiYym2UyKduUklXW-VLACNcBGAsYHQ\/s2048\/DSC05692-2.jpg\"><span><img decoding=\"async\" loading=\"lazy\" border=\"0\" data-original-height=\"1366\" data-original-width=\"2048\" height=\"364\" src=\"https:\/\/1.bp.blogspot.com\/-sZsioz_1GOE\/YV2e-TYFsjI\/AAAAAAAABQs\/pJm6EIln0acplGiYym2UyKduUklXW-VLACNcBGAsYHQ\/w546-h364\/DSC05692-2.jpg\" width=\"546\"><\/span><\/a><\/td>\n<\/tr>\n<tr>\n<td class=\"tr-caption\"><span>Foto: li.&nbsp;<\/span><span><span>Frau CD B. Kreinecker und re. Frau Bettina Plank mit der Olympia-Bronzemedaille<br \/><\/span><br \/><\/span><\/td>\n<\/tr>\n<\/tbody>\n<\/table>\n<table cellpadding=\"0\" cellspacing=\"0\" class=\"tr-caption-container\">\n<tbody>\n<tr>\n<td><img decoding=\"async\" loading=\"lazy\" border=\"0\" data-original-height=\"2048\" data-original-width=\"1067\" height=\"271\" src=\"https:\/\/1.bp.blogspot.com\/-m9DlOf-P3Jg\/YV2fIMNKnOI\/AAAAAAAABQw\/pbVomZLkj6IAw4FxyH1KgseclfKYLg6ogCNcBGAsYHQ\/w151-h271\/DSC05701-2.jpg\" width=\"151\"><\/td>\n<\/tr>\n<tr>\n<td class=\"tr-caption\"><span>Foto: Bettina Plank performt exklusiv f\u00fcr unsere Klientinnen und Klienten<\/span><\/td>\n<\/tr>\n<\/tbody>\n<\/table>\n<\/div>\n<div class=\"post-body entry-content\" id=\"post-body-3180260152879997897\" itemprop=\"articleBody\">\n<h2 class=\"date-header\"><span>Donnerstag, 28. Oktober 2021<\/span><\/h2>\n<div class=\"date-posts\">\n<div class=\"post-outer\">\n<div class=\"post hentry\" itemprop=\"blogPost\" itemscope=\"itemscope\" itemtype=\"http:\/\/schema.org\/BlogPosting\"><span><\/span><\/p>\n<h3 class=\"post-title entry-title\" itemprop=\"name\"><a href=\"https:\/\/investcon.blogspot.com\/2021\/10\/etwas-zum-lachen-das-video-die-liebe-in.html\">Etwas zum Lachen! Das Video: Die Liebe in Zeiten von Corona mit #Investcon #G\u00fcntherLainer #Nadja Maleh<\/a><\/h3>\n<div class=\"post-body entry-content\" id=\"post-body-2883119695461906459\" itemprop=\"articleBody\">\n<p align=\"center\" class=\"MsoNormal\"><span><span lang=\"DE-AT\">Wir w\u00fcnschen all unseren KlientInnen und MitarbeiterInnen, viel Freude beim ansehen!<\/span><\/span><\/p>\n<div>\n<div class=\"separator\"><iframe loading=\"lazy\" allowfullscreen class=\"BLOG_video_class\" height=\"266\" src=\"https:\/\/www.youtube.com\/embed\/o8pdY_qb-fY\" width=\"320\" youtube-src-id=\"o8pdY_qb-fY\">[embedded content]<\/iframe><\/div>\n<p><\/div>\n<div>\n<div><span>Hier der Link zum&nbsp;<a href=\"https:\/\/www.youtube.com\/watch?v=o8pdY_qb-fY\">Video<\/a>!<\/span><\/div>\n<div><span>Wir hoffen, dass wir Ihnen ein paar unbeschwerte Minuten bereiten k\u00f6nnen und bedanken uns herzlich bei den prominenten Kabarettistinnen und Kabarettisten, die selbst in dieser harten Zeit, es einrichten konnten, uns allen lustige Momente zu bescheren!<\/span><\/div>\n<div>\n<table cellpadding=\"0\" cellspacing=\"0\" class=\"tr-caption-container\">\n<tbody>\n<tr>\n<td><a href=\"https:\/\/1.bp.blogspot.com\/-UGm3ejlFJn8\/YXpEeuWpD1I\/AAAAAAAABR0\/PsdcUsVt3G0hvw34h2lkxbV1GcvNmFFawCNcBGAsYHQ\/s2048\/G%25C3%25BCnther_Nadja_1.jpg\" imageanchor=\"1\"><img decoding=\"async\" loading=\"lazy\" border=\"0\" data-original-height=\"1370\" data-original-width=\"2048\" height=\"194\" src=\"https:\/\/1.bp.blogspot.com\/-UGm3ejlFJn8\/YXpEeuWpD1I\/AAAAAAAABR0\/PsdcUsVt3G0hvw34h2lkxbV1GcvNmFFawCNcBGAsYHQ\/w284-h194\/G%25C3%25BCnther_Nadja_1.jpg\" width=\"284\"><\/a><\/td>\n<\/tr>\n<tr>\n<td class=\"tr-caption\"><span>Quelle: Investcon Group Beteiligung GmbH | G\u00fcnther Lainer (GausL) und Nadja Maleh<\/span><\/td>\n<\/tr>\n<\/tbody>\n<\/table>\n<p><\/div>\n<\/div>\n<div>\n<h2 class=\"date-header\"><span>Freitag, 24. Dezember 2021<\/span><\/h2>\n<div class=\"date-posts\">\n<div class=\"post-outer\">\n<div class=\"post hentry\" itemprop=\"blogPost\" itemscope=\"itemscope\" itemtype=\"http:\/\/schema.org\/BlogPosting\"><span><\/span><\/p>\n<h3 class=\"post-title entry-title\" itemprop=\"name\"><a href=\"https:\/\/investcon.blogspot.com\/2021\/12\/invest-con-group-wunscht-ihnen-frohe.html\">INVEST-CON GROUP W\u00dcNSCHT IHNEN FROHE WEIHNACHTEN!<\/a><\/h3>\n<div class=\"post-body entry-content\" id=\"post-body-5756099476455317947\" itemprop=\"articleBody\">\n<div class=\"separator\"><a href=\"https:\/\/blogger.googleusercontent.com\/img\/a\/AVvXsEjHnTXgCvc47Y4OZO7iDoVAg-mV8mGblMS_2YUjTf6sFr96m6xcJIWoXTwTBes4e2TpZjJKuAmEL3orUmippGKUcfMq4XyT1N5gg_JzwyDVfn1kyeANBGJe5YVuOYaMX3jXcNL3LxAhFfub7kKI6PLpVUbjNR05rnbZgSFTAWljJcLkm8g9SpaJuYxUrg=s640\"><img decoding=\"async\" loading=\"lazy\" border=\"0\" data-original-height=\"128\" data-original-width=\"640\" height=\"100\" src=\"https:\/\/blogger.googleusercontent.com\/img\/a\/AVvXsEjHnTXgCvc47Y4OZO7iDoVAg-mV8mGblMS_2YUjTf6sFr96m6xcJIWoXTwTBes4e2TpZjJKuAmEL3orUmippGKUcfMq4XyT1N5gg_JzwyDVfn1kyeANBGJe5YVuOYaMX3jXcNL3LxAhFfub7kKI6PLpVUbjNR05rnbZgSFTAWljJcLkm8g9SpaJuYxUrg=w497-h100\" width=\"497\"><\/a><\/div>\n<p><span>&nbsp;<\/span><i><span><span>Wir bedanken uns herzlich f\u00fcr ein weiteres<\/span><\/span><\/i><\/p>\n<p><span><i><span>Jahr Ihres Vertrauens, insbesondere<\/span><\/i><i><span>&nbsp;nach den vielen Schwierigkeiten die zu&nbsp;<\/span><\/i><i><span>bew\u00e4ltigen&nbsp;<\/span><\/i><i><span>waren und w<\/span><\/i><i><span>\u00fcnschen Ihnen<\/span><\/i><i><span>&nbsp;ein sch\u00f6nes und gesegnetes Weihnachtsfest im Kreise Ihrer Liebsten.<\/span><\/i><\/span><\/p>\n<div align=\"center\" class=\"MsoNormal\"><i><span><span>Auch freuen wir uns schon jetzt auf eine weiterhin gute Zusammenarbeit mit Ihnen, unseren MitarbeiterInnen und Freunden des Hauses im neuen Jahr!<\/span><\/span><\/i><\/div>\n<div align=\"center\" class=\"MsoNormal\"><i><span><u><span>Ihr Investcon Group-Team!<\/span><\/u><\/span><\/i><\/div>\n<div align=\"center\" class=\"MsoNormal\"><i><span><\/p>\n<div class=\"separator\"><a href=\"https:\/\/blogger.googleusercontent.com\/img\/a\/AVvXsEjAgfPt92jGegnPbUetUaQEhmmOaqNe9M5bbSZn0hjrXig3VnPXS1ExTMNuRlKNx2CEevIitDcNEiIBPwmCLARC1zhrQyDHVKL_-EgwXhnQkumVwi_d6y6Ff_HfY5-paQYy041nCIi7VzAFvX4mWmlTa2ka8ZyruDNrshFFXfazhda1zzXKWBLlmssp_Q=s640\"><img decoding=\"async\" loading=\"lazy\" border=\"0\" data-original-height=\"128\" data-original-width=\"640\" height=\"100\" src=\"https:\/\/blogger.googleusercontent.com\/img\/a\/AVvXsEjAgfPt92jGegnPbUetUaQEhmmOaqNe9M5bbSZn0hjrXig3VnPXS1ExTMNuRlKNx2CEevIitDcNEiIBPwmCLARC1zhrQyDHVKL_-EgwXhnQkumVwi_d6y6Ff_HfY5-paQYy041nCIi7VzAFvX4mWmlTa2ka8ZyruDNrshFFXfazhda1zzXKWBLlmssp_Q=w504-h100\" width=\"504\"><\/a><\/div>\n<div align=\"center\" class=\"MsoNormal\">\n<h2 class=\"date-header\"><span>Montag, 27. Dezember 2021<\/span><\/h2>\n<div class=\"date-posts\">\n<div class=\"post-outer\">\n<div class=\"post hentry\" itemprop=\"blogPost\" itemscope=\"itemscope\" itemtype=\"http:\/\/schema.org\/BlogPosting\">\n<h3 class=\"post-title entry-title\" itemprop=\"name\"><a href=\"https:\/\/investcon.blogspot.com\/2021\/12\/interview-mit-herrn-c-haenlein-senior.html\">Interview mit Herrn C. Haenlein, Senior Consulter<\/a><\/h3>\n<div class=\"post-body entry-content\" id=\"post-body-8016423855938730357\" itemprop=\"description articleBody\">\n<div class=\"separator\"><a href=\"https:\/\/blogger.googleusercontent.com\/img\/a\/AVvXsEj7pZQ-E6IJFHTrZquVF5_XjrYqU7TQcIAueA9aSUjLEKYA-ITO2x1xsFSaVxv6TtVGlQ6OdF2Sf2jcIFniytJqBZJUPN9pNTnP-1Tfafx3K4p3KRC14zlihu_NG-IfjIqzTjNYidRiVjB8Y9wi0JeUYYmEXmOxDTmWvJUkWi33HKsq7hGiSlxEOdMJRg=s150\" imageanchor=\"1\"><img decoding=\"async\" loading=\"lazy\" border=\"0\" data-original-height=\"150\" data-original-width=\"150\" height=\"150\" src=\"https:\/\/blogger.googleusercontent.com\/img\/a\/AVvXsEj7pZQ-E6IJFHTrZquVF5_XjrYqU7TQcIAueA9aSUjLEKYA-ITO2x1xsFSaVxv6TtVGlQ6OdF2Sf2jcIFniytJqBZJUPN9pNTnP-1Tfafx3K4p3KRC14zlihu_NG-IfjIqzTjNYidRiVjB8Y9wi0JeUYYmEXmOxDTmWvJUkWi33HKsq7hGiSlxEOdMJRg\" width=\"150\"><\/a><\/div>\n<p class=\"MsoNormal\"><b><span lang=\"DE-AT\">&nbsp;<\/span><\/b><\/p>\n<p class=\"MsoNormal\"><b><span lang=\"DE-AT\">&nbsp;<\/span><\/b><\/p>\n<p class=\"MsoNormal\"><b><span lang=\"DE-AT\">&nbsp;<\/span><\/b><\/p>\n<p class=\"MsoNormal\"><b><span lang=\"DE-AT\">&nbsp;<\/span><\/b><\/p>\n<p class=\"MsoNormal\"><b><span lang=\"DE-AT\">&nbsp;<\/span><\/b><\/p>\n<h3 class=\"MsoNormal\"><span><span><i><span lang=\"DE-AT\"><b>Invest-con:<\/b>&nbsp;<\/span><span lang=\"DE-AT\">Herr Haenlein, wenn Sie an Ihre Kindheit denken: Welchen Beruf wollten Sie damals ergreifen?<\/span><\/i><\/span><\/span><span lang=\"DE-AT\"><\/span><\/h3>\n<div class=\"MsoNormal\">\n<h4><span><span><span lang=\"DE-AT\">Das wechselte h\u00e4ufig. Zoologe oder Arch\u00e4ologe standen hoch im Kurs. Ich stellte mir das naiver Weise sehr abenteuerlich vor.<\/span><\/span><\/span><\/h4>\n<h4><span><span><span lang=\"DE-AT\">&nbsp;<\/span><\/span><\/span><span lang=\"DE-AT\"><\/span><\/h4>\n<\/div>\n<h3 class=\"MsoNormal\"><span><span><i><span lang=\"DE-AT\"><b>Invest-con:<\/b>&nbsp;<\/span><span lang=\"DE-AT\">Und wie sind Sie eigentlich zu Investcon gekommen? (beruflicher Werdegang, Kontaktaufnahme mit Investcon .etc.)<\/span><\/i><\/span><\/span><span lang=\"DE-AT\"><\/span><\/h3>\n<p class=\"MsoNormal\"><span><span lang=\"DE-AT\">Ich hatte \u00fcber 25 Jahre ein Einzelhandelsunternehmen und danach eine Unternehmensberatung. \u00dcber einen Headhunter bekam ich Kontakt mit der Investcon.<\/span><\/span><span lang=\"DE-AT\"><\/span><\/p>\n<p class=\"MsoNormal\"><span lang=\"DE-AT\">&nbsp;<\/span><\/p>\n<h3 class=\"MsoNormal\"><span><span><i><span lang=\"DE-AT\"><b>Invest-con:<\/b>&nbsp;<\/span><span lang=\"DE-AT\">Und was ist f\u00fcr Sie das besonders Reizvolle an Ihrer T\u00e4tigkeit als Finanzberater?<\/span><\/i><\/span><\/span><span lang=\"DE-AT\"><\/span><\/h3>\n<p class=\"MsoNormal\"><span><span lang=\"DE-AT\">Finanzberatung ist eine der abwechslungsreichsten T\u00e4tigkeiten. Man steht st\u00e4ndig vor neuen Herausforderungen und das macht unseren Beruf so spannend. Au\u00dferdem darf ich fast t\u00e4glich erleben, dass ich durch mein Zutun den Menschen wirklich helfen konnte. Es gibt nicht so viele Berufe in denen man das behaupten kann. Ein weiterer Aspekt ist f\u00fcr mich die Arbeit in meinem Team. Wir sind sehr heterogen zusammengesetzt, kommen urspr\u00fcnglich aus den unterschiedlichsten Branchen und es macht Spa\u00df zu sehen wie das Team zusammenw\u00e4chst und zusammen (an den Aufgaben) w\u00e4chst.<\/span><\/span><span lang=\"DE-AT\"><\/span><\/p>\n<p class=\"MsoNormal\"><span lang=\"DE-AT\">&nbsp;<\/span><\/p>\n<h3 class=\"MsoNormal\"><span><span><i><b><span lang=\"DE-AT\">Invest-con:<\/span><\/b><span lang=\"DE-AT\">&nbsp;Ein Sprichwort sagt: \u201eGuter Rat ist teuer.\u201c Wie sehen Sie das?<\/span><\/i><\/span><\/span><span lang=\"DE-AT\"><\/span><\/h3>\n<p class=\"MsoNormal\"><span><span lang=\"DE-AT\">Wenn Sie \u201eteuer\u201c im Sinne von wertvoll meinen, dann stimme ich zu. Aber Guter Rat muss nicht viel kosten, sollten Sie darauf anspielen.<\/span><\/span><\/p>\n<h3 class=\"MsoNormal\"><span><i><span><b><span lang=\"DE-AT\">Invest-con:&nbsp;<\/span><\/b><span lang=\"DE-AT\">Inwieweit hatte die Corona-Krise Einfluss auf Ihre Beratungst\u00e4tigkeit?<\/span><\/span><span lang=\"DE-AT\"><\/span><\/i><\/span><\/h3>\n<p class=\"MsoNormal\"><span><span lang=\"DE-AT\">Viel und auch wenig. Durch die Krise wurde sehr vielen Menschen bewusst, dass sie ihre pers\u00f6nliche finanzielle Situation und ihre Absicherungen bisher str\u00e4flich vernachl\u00e4ssigt hatten. Die Einen, weil sie jetzt in eine prek\u00e4re Situation gekommen sind, die Anderen, weil sie nun gen\u00fcgend Mu\u00dfe haben zu realisieren, dass ihr Erspartes immer weniger wert wird. Deshalb ist die Nachfrage nach kompetenter Beratung enorm gestiegen. Wir haben zudem das Gl\u00fcck, dass unsere Dienstleistung als systemrelevant eingestuft wird und wir somit auch in den Phasen der Lock-Downs \u2013 nat\u00fcrlich unter den \u00fcblichen Rahmenbedingungen \u2013 uneingeschr\u00e4nkt t\u00e4tig sein konnten.<\/span><\/span><\/p>\n<h3 class=\"MsoNormal\"><span><span><i><span lang=\"DE-AT\"><b>Invest-con:<\/b>&nbsp;<\/span><span lang=\"DE-AT\">Wenn Sie an die Zukunft im Bereich Finanzberatung denken: Was sind aus Ihrer Sicht die gr\u00f6\u00dften Herausforderungen?<\/span><\/i><\/span><\/span><span lang=\"DE-AT\"><\/span><\/h3>\n<p class=\"MsoNormal\"><span><span lang=\"DE-AT\">Abgesehen von \u201eklassischen\u201c Themen wie Inflation &#8211; und dem damit verbundenen Kaufkraftverlust unserer Bankguthaben &#8211; oder dem Umstand, dass wir alle immer l\u00e4nger leben und die Finanzierbarkeit der Pension sowie der wom\u00f6glich ben\u00f6tigten Pflege vom Staat an die B\u00fcrger zur\u00fcckdelegiert wurde, sind es das Internet mit den un\u00fcberschaubar vielen Angeboten, Fakes und Fallen. Hier Lotse und kompetenter Ratgeber f\u00fcr den Kunden zu sein ist &#8211; und es wird immer mehr \u2013 das ist eine wichtige Komponente der Finanzberatung.<\/span><\/span><\/p>\n<p><span><\/span><\/p>\n<p class=\"MsoNormal\"><span><span lang=\"DE-AT\">Ein weiteres gro\u00dfes Themengebiet sehe ich im Beitrag zur \u00d6kologisierung und Humanisierung der Wirtschaft, indem man die Kunden hinsichtlich ihrer M\u00f6glichkeiten durch ihre Investitionsentscheidungen die Welt nachhaltig zu ver\u00e4ndern ber\u00e4t. Hier ein Bewusstsein daf\u00fcr zu schaffen, dass jeder Einzelne mit seiner Entscheidung tats\u00e4chlich etwas ver\u00e4ndert, ist wahrscheinlich die wichtigste Herausforderung, der wir uns stellen m\u00fcssen.<\/span><\/span><\/p>\n<h3 class=\"MsoNormal\"><span><span><i><b><span lang=\"DE-AT\">Invest-con:&nbsp;<\/span><\/b><span lang=\"DE-AT\">Welchen Rat w\u00fcrden Sie einem Quereinsteiger mitgeben?<\/span><span lang=\"DE-AT\"><\/span><\/i><\/span><\/span><\/h3>\n<p class=\"MsoNormal\"><span><span lang=\"DE-AT\">Offen und mit Freude an die Aufgabe herangehen. Flei\u00df und Engagement zu zeigen und vor allem Anderen immer das Wohl des Kunden in den Fokus der \u00dcberlegungen stellen. Denn langfristig ist das Wohl des Kunden auch immer das Wohl des Beraters.<\/span><\/span><\/p>\n<h3 class=\"MsoNormal\"><span><span><i><b><span lang=\"DE-AT\">Invest-con:&nbsp;<\/span><\/b><span lang=\"DE-AT\">Wie lautet Ihr pers\u00f6nliches Lebensmotto?<\/span><span lang=\"DE-AT\"><\/span><\/i><\/span><\/span><\/h3>\n<p class=\"MsoNormal\"><span><span lang=\"DE-AT\">Gott gebe mir die Kraft zu ver\u00e4ndern, was ver\u00e4ndert werden muss, die Gelassenheit zu belassen, was nicht ver\u00e4ndert werden kann und die Weisheit, das Eine vom Anderen zu unterscheiden.<\/span><\/span><span lang=\"DE-AT\"><\/span><\/p>\n<p class=\"MsoNormal\"><span lang=\"DE-AT\">&nbsp;<\/span><\/p>\n<p class=\"MsoNormal\"><span><b><span lang=\"DE-AT\">Allgemeine Angaben:<\/span><\/b><\/span><span lang=\"DE-AT\"><\/span><\/p>\n<p class=\"MsoNormal\"><span><i><span lang=\"DE-AT\">Alter:&nbsp;<\/span><span lang=\"DE-AT\">58<\/span><span lang=\"DE-AT\"><\/span><\/i><\/span><\/p>\n<p><span><i><\/i><\/span><\/p>\n<p class=\"MsoNormal\"><span><i><span lang=\"DE-AT\">Familienstand:&nbsp;<\/span><span lang=\"DE-AT\">ledig<\/span><span lang=\"DE-AT\"><\/span><\/i><\/span><\/p>\n<p><span><i><\/i><\/span><\/p>\n<p class=\"MsoNormal\"><span><i><span lang=\"DE-AT\">Freizeit\/Hobbies:&nbsp;&nbsp;<\/span><span lang=\"DE-AT\">Lesen, Reisen, Geschichte, Chi-Gong, Kampfkunst<\/span><\/i><\/span><span lang=\"DE-AT\"><\/span><\/p>\n<p class=\"MsoNormal\"><span lang=\"DE-AT\">&nbsp;<\/span><\/p>\n<h2 class=\"date-header\"><span>Freitag, 31. Dezember 2021<\/span><\/h2>\n<div class=\"date-posts\">\n<div class=\"post-outer\">\n<div class=\"post hentry\" itemprop=\"blogPost\" itemscope=\"itemscope\" itemtype=\"http:\/\/schema.org\/BlogPosting\">\n<h3 class=\"post-title entry-title\" itemprop=\"name\"><a href=\"https:\/\/investcon.blogspot.com\/2021\/12\/die-investcon-group-gmbh-wunscht-ein.html\">DIE INVESTCON GROUP GMBH W\u00dcNSCHT EIN FROHES NEUES JAHR 2022<\/a><\/h3>\n<div class=\"post-body entry-content\" id=\"post-body-8385919908136919644\" itemprop=\"articleBody\">\n<p><span>&nbsp;Das gesamte Investcon Team w\u00fcnscht Ihnen schon jetzt viel Gl\u00fcck,&nbsp;Erfolg und Gesundheit im Jahr 2022!<\/span><\/p>\n<div>\n<table align=\"center\" cellpadding=\"0\" cellspacing=\"0\" class=\"tr-caption-container\">\n<tbody>\n<tr>\n<td><a href=\"https:\/\/blogger.googleusercontent.com\/img\/a\/AVvXsEhLZj6Iswi8fNP8TYSjUE6NxidZezPuUipXHJv85RqXGibQnZ5Qh1k_RfY5A7fQxvw23pRlVz1PHcWUfL4arDxSP1jHf_uuhAB96ssHxMD7z9AgkQ0hPLncLqdIsdeMFaJUK8p9WvZB3r4QW2wRyFU6J-IoWY_dukINXZmnoKALq_OdsJmCcg2bCLMDoA=s1280\" imageanchor=\"1\"><img decoding=\"async\" loading=\"lazy\" border=\"0\" data-original-height=\"724\" data-original-width=\"1280\" height=\"283\" src=\"https:\/\/blogger.googleusercontent.com\/img\/a\/AVvXsEhLZj6Iswi8fNP8TYSjUE6NxidZezPuUipXHJv85RqXGibQnZ5Qh1k_RfY5A7fQxvw23pRlVz1PHcWUfL4arDxSP1jHf_uuhAB96ssHxMD7z9AgkQ0hPLncLqdIsdeMFaJUK8p9WvZB3r4QW2wRyFU6J-IoWY_dukINXZmnoKALq_OdsJmCcg2bCLMDoA=w500-h283\" width=\"500\"><\/a><\/td>\n<\/tr>\n<tr>\n<td class=\"tr-caption\"><span>Quelle: Bild von Maky_Orel auf Pixabay<\/span><\/p>\n<p class=\"MsoNormal\"><span><i><span>Die&nbsp;Analyse dient nicht als konkrete Handelsempfehlung. Eine Haftung f\u00fcr Verm\u00f6genssch\u00e4den ist ausgeschlossen. Konsultieren Sie vor Anlageentscheidungen Ihren&nbsp;<a href=\"http:\/\/www.invest-con.com\/homepages\/investcon\/kontakt\/\">INVEST-CON Berater.<\/a><\/span><\/i>&nbsp;<\/span><\/p>\n<p class=\"MsoNormal\"><span face=\"&quot;Calibri&quot;,sans-serif\">&nbsp;<\/span><\/p>\n<p class=\"MsoNormal\"><span><span>Disclaimer: Die angef\u00fchrten Informationen dienen lediglich der unverbindlichen Information, stellen kein Angebot zum Kauf oder Verkauf der genannten Finanzinstrumente dar und d\u00fcrfen auch nicht so ausgelegt werden. Die Informationen dienen nicht als Entscheidungshilfe f\u00fcr rechtliche, steuerliche oder andere Beratungsfragen. Jeder, der diese Daten zu diesen Zwecken nutzt, \u00fcbernimmt hierf\u00fcr die volle Verantwortung. Wir weisen ausdr\u00fccklich darauf hin, dass Investitionen in die beschriebenen Finanzinstrumente mit Risiken verbunden und nicht f\u00fcr jeden Anleger geeignet sind. Soweit Informationen zu einer bestimmten steuerlichen Behandlung gegeben werden, weisen wir darauf hin, dass die steuerliche Behandlung von den pers\u00f6nlichen Verh\u00e4ltnissen des Anlegers abh\u00e4ngt und k\u00fcnftig \u00c4nderungen unterworfen sein kann. Die&nbsp;INVEST-CON Group Beteiligungs GmbH&nbsp;und ihre verbundenen Unternehmen&nbsp; geben ausschlie\u00dflich ihre Meinung\/en wieder und \u00fcbernehmen keine Garantie f\u00fcr die Korrektheit, Zuverl\u00e4ssigkeit, Aktualit\u00e4t oder Vollst\u00e4ndigkeit der genannten Informationen. Es besteht keine Verpflichtung zur Richtigstellung etwaiger unzutreffender, unvollst\u00e4ndiger oder \u00fcberholter Angaben. Weitere Informationen zum Unternehmen finden Sie unter:&nbsp;<a href=\"http:\/\/group.invest-con.at\/\">group.invest-con.at<\/a><\/span><\/span><\/p>\n<\/td>\n<\/tr>\n<\/tbody>\n<\/table>\n<\/div>\n<\/div>\n<\/div>\n<\/div>\n<\/div>\n<\/div>\n<\/div>\n<\/div>\n<\/div>\n<\/div>\n<p><\/span><\/i><\/div>\n<\/div>\n<\/div>\n<\/div>\n<\/div>\n<\/div>\n<\/div>\n<\/div>\n<\/div>\n<\/div>\n<\/div>\n<\/div>\n<\/div>\n<\/div>\n<\/div>\n<\/div>\n<\/div>\n<\/div>\n<\/div>\n<\/div>\n<\/div>\n<\/div>\n<\/div>\n<\/div>\n<\/div>\n<\/div>\n<\/div>\n<\/div>\n<\/div>\n<\/div>\n<\/div>\n<\/div>\n<\/div>\n<\/div>\n<\/div>\n<\/div>\n<\/div>\n<p><\/span><\/div>\n<\/div>\n<\/div>\n<\/div>\n<\/div>\n<\/div>\n<\/div>\n<\/div>\n<\/div>\n<\/div>\n<\/div>\n<\/div>\n<\/div>\n<\/div>\n<\/div>\n<\/div>\n<\/div>\n<\/div>\n","protected":false},"excerpt":{"rendered":"<p>&nbsp;Mittwoch, 3. Februar 2021 Investcon Charity Award 2020\/2021 Foto: Investcon: Sch\u00fcler der ASO Purkersdorf nach der symbolischen \u00dcbergabe der Spende &hellip; <\/p>\n","protected":false},"author":1,"featured_media":0,"comment_status":"closed","ping_status":"closed","sticky":false,"template":"","format":"standard","meta":{"footnotes":""},"categories":[1],"tags":[],"_links":{"self":[{"href":"https:\/\/www.invest-con.com\/homepages\/investcon\/wp-json\/wp\/v2\/posts\/3532"}],"collection":[{"href":"https:\/\/www.invest-con.com\/homepages\/investcon\/wp-json\/wp\/v2\/posts"}],"about":[{"href":"https:\/\/www.invest-con.com\/homepages\/investcon\/wp-json\/wp\/v2\/types\/post"}],"author":[{"embeddable":true,"href":"https:\/\/www.invest-con.com\/homepages\/investcon\/wp-json\/wp\/v2\/users\/1"}],"replies":[{"embeddable":true,"href":"https:\/\/www.invest-con.com\/homepages\/investcon\/wp-json\/wp\/v2\/comments?post=3532"}],"version-history":[{"count":0,"href":"https:\/\/www.invest-con.com\/homepages\/investcon\/wp-json\/wp\/v2\/posts\/3532\/revisions"}],"wp:attachment":[{"href":"https:\/\/www.invest-con.com\/homepages\/investcon\/wp-json\/wp\/v2\/media?parent=3532"}],"wp:term":[{"taxonomy":"category","embeddable":true,"href":"https:\/\/www.invest-con.com\/homepages\/investcon\/wp-json\/wp\/v2\/categories?post=3532"},{"taxonomy":"post_tag","embeddable":true,"href":"https:\/\/www.invest-con.com\/homepages\/investcon\/wp-json\/wp\/v2\/tags?post=3532"}],"curies":[{"name":"wp","href":"https:\/\/api.w.org\/{rel}","templated":true}]}}