{"id":2603,"date":"2020-06-03T15:45:04","date_gmt":"2020-06-03T13:45:04","guid":{"rendered":"https:\/\/www.invest-con.com\/homepages\/investcon\/jugendarbeitslosigkeit-koennte-sich-verdoppeln\/"},"modified":"2020-06-03T15:45:04","modified_gmt":"2020-06-03T13:45:04","slug":"jugendarbeitslosigkeit-koennte-sich-verdoppeln","status":"publish","type":"post","link":"https:\/\/www.invest-con.com\/homepages\/investcon\/jugendarbeitslosigkeit-koennte-sich-verdoppeln\/","title":{"rendered":"Jugendarbeitslosigkeit k\u00f6nnte sich verdoppeln"},"content":{"rendered":"<div><img decoding=\"async\" src=\"https:\/\/1.bp.blogspot.com\/-2xnq8vjYGHs\/XtYjfRoSkZI\/AAAAAAAAAz4\/-tRzihdOg6U6EwvAGijwfjq3aIlJlF4rgCNcBGAsYHQ\/w1200-h630-p-k-no-nu\/male-3532483_1920.jpg\" class=\"ff-og-image-inserted\"><\/div>\n<div dir=\"ltr\">\n<div dir=\"ltr\">\n<span><span>[&#8230; Jugendliche seien durch die Covid-19-Pandemie fast doppelt so stark von Arbeitslosigkeit bedroht wie die heimische Gesamtbev\u00f6lkerung. Die &#8222;Lost Generation&#8220; k\u00f6nnte laut der Prognose der Uni Linz um \u00fcber 40 Prozent wachsen. Vor der Krise wurden rund 65.000 Jugendliche in \u00d6sterreich zur NEET-Gruppe gez\u00e4hlt, sie sind nicht in Ausbildung, Arbeit oder Schulung. &#8222;In der Prognose w\u00fcrde die Zahl auf 93.000 steigen&#8220;, sagte der Linzer Sozialwissenschaftler. &#8230;] <span>Quelle:&nbsp;<\/span><\/span><a href=\"https:\/\/www.nachrichten.at\/wirtschaft\/jugendarbeitslosigkeit-koennte-sich-verdoppeln;art15,3256361\"><span>www.nachrichten.at<\/span><\/a><\/span><\/div>\n<div dir=\"ltr\">\n<div dir=\"ltr\">\n<span>Expertentipp:<\/span><\/div>\n<\/div>\n<div dir=\"ltr\">\n<span>Die Krise macht, wie fast alle gro\u00dfen Ver\u00e4nderungen auf der Welt, genau die Schwachen und Kranken zu den Verlierern! In diesem Fall, einerseits weil die Risikogruppen besonders anf\u00e4llig f\u00fcr den Virus Covid 19 sind &#8211; solange es keinen Impfstoff gibt! Andererseits haben sowohl Erwachsene als auch Jugendliche, bei gut 1.4 Mio. in Kurzarbeit und 600.000 Arbeitslosen,&nbsp;mit einer abgebrochenen&nbsp;oder schlechten Ausbildung jetzt gar keine Chancen mehr einen guten oder anspruchsvollen Job zu bekommen!<\/span><\/div>\n<div dir=\"ltr\">\n<span>Daher nutzen Sie die Krise jetzt unbedingt f\u00fcr eine Aus- und\/oder Weiterbildung!<\/span><\/div>\n<div dir=\"ltr\">\n<span>Und wenn sie diese Ausbildung noch bezahlt bekommen wollen und Interesse an Personalmanagement, Immobilienentwicklung oder Consulting mitbringen, freuen auch wir uns \u00fcber <a href=\"https:\/\/www.invest-con.com\/homepages\/investcon\/kontakt\/bewerbung\/\">Ihre Bewerbung<\/a>!<\/span><\/div>\n<div dir=\"ltr\">\n<div class=\"MsoNormal\">\n<span><span><i><span>Die&nbsp;Analyse dient nicht als konkrete Handelsempfehlung. Eine Haftung f\u00fcr Verm\u00f6genssch\u00e4den ist<span>&nbsp;<\/span>ausgeschlossen. Konsultieren Sie vor Anlageentscheidungen Ihren&nbsp;<\/span><a href=\"http:\/\/www.invest-con.com\/homepages\/investcon\/kontakt\/\"><span>INVEST-CON Berater.<\/span><\/a><\/i><\/span><\/span><\/div>\n<div class=\"MsoNormal\">\n<div>\n<i><span>Disclaimer: Die angef\u00fchrten Informationen dienen lediglich der unverbindlichen Information, stellen kein Angebot zum Kauf oder Verkauf der genannten Finanzinstrumente dar und d\u00fcrfen auch nicht so ausgelegt werden. Die Informationen dienen nicht als Entscheidungshilfe f\u00fcr rechtliche, steuerliche oder andere Beratungsfragen. Jeder, der diese Daten zu diesen Zwecken nutzt, \u00fcbernimmt hierf\u00fcr die volle Verantwortung. Wir weisen ausdr\u00fccklich darauf hin, dass Investitionen in die beschriebenen Finanzinstrumente mit Risiken verbunden und nicht f\u00fcr jeden Anleger geeignet sind. Soweit Informationen zu einer bestimmten steuerlichen Behandlung gegeben werden, weisen wir darauf hin, dass die steuerliche Behandlung von den pers\u00f6nlichen Verh\u00e4ltnissen des Anlegers abh\u00e4ngt und k\u00fcnftig \u00c4nderungen unterworfen sein kann. Die INVEST-CON Finanzconsulting GmbH gibt ausschlie\u00dflich ihre Meinung wieder und \u00fcbernimmt keine Garantie f\u00fcr die Korrektheit, Zuverl\u00e4ssigkeit, Aktualit\u00e4t oder Vollst\u00e4ndigkeit der genannten Informationen. Es besteht keine Verpflichtung zur Richtigstellung etwaiger unzutreffender, unvollst\u00e4ndiger oder \u00fcberholter Angaben.Weitere Informationen zum Unternehmen finden Sie unter<a href=\"http:\/\/www.invest-con.at\/\"><span>&nbsp;http:\/\/www.invest-con.at<\/span><\/a>.<\/span><\/i><\/div>\n<\/div>\n<\/div><\/div>\n","protected":false},"excerpt":{"rendered":"<p>[&#8230; Jugendliche seien durch die Covid-19-Pandemie fast doppelt so stark von Arbeitslosigkeit bedroht wie die heimische Gesamtbev\u00f6lkerung. Die &#8222;Lost Generation&#8220; &hellip; <\/p>\n","protected":false},"author":1,"featured_media":0,"comment_status":"closed","ping_status":"closed","sticky":false,"template":"","format":"standard","meta":{"footnotes":""},"categories":[1],"tags":[],"_links":{"self":[{"href":"https:\/\/www.invest-con.com\/homepages\/investcon\/wp-json\/wp\/v2\/posts\/2603"}],"collection":[{"href":"https:\/\/www.invest-con.com\/homepages\/investcon\/wp-json\/wp\/v2\/posts"}],"about":[{"href":"https:\/\/www.invest-con.com\/homepages\/investcon\/wp-json\/wp\/v2\/types\/post"}],"author":[{"embeddable":true,"href":"https:\/\/www.invest-con.com\/homepages\/investcon\/wp-json\/wp\/v2\/users\/1"}],"replies":[{"embeddable":true,"href":"https:\/\/www.invest-con.com\/homepages\/investcon\/wp-json\/wp\/v2\/comments?post=2603"}],"version-history":[{"count":0,"href":"https:\/\/www.invest-con.com\/homepages\/investcon\/wp-json\/wp\/v2\/posts\/2603\/revisions"}],"wp:attachment":[{"href":"https:\/\/www.invest-con.com\/homepages\/investcon\/wp-json\/wp\/v2\/media?parent=2603"}],"wp:term":[{"taxonomy":"category","embeddable":true,"href":"https:\/\/www.invest-con.com\/homepages\/investcon\/wp-json\/wp\/v2\/categories?post=2603"},{"taxonomy":"post_tag","embeddable":true,"href":"https:\/\/www.invest-con.com\/homepages\/investcon\/wp-json\/wp\/v2\/tags?post=2603"}],"curies":[{"name":"wp","href":"https:\/\/api.w.org\/{rel}","templated":true}]}}